{"id":8199,"date":"2026-03-17T10:36:25","date_gmt":"2026-03-17T09:36:25","guid":{"rendered":"https:\/\/magazzinoperseo.it\/?p=8199"},"modified":"2026-03-17T10:47:46","modified_gmt":"2026-03-17T09:47:46","slug":"abc-fashion-event-debuts-de-perseo-light","status":"publish","type":"post","link":"https:\/\/magazzinoperseo.it\/fr\/evenements-et-foires\/abc-fashion-event-debuts-de-perseo-light\/","title":{"rendered":"ABC Fashion Event : d\u00e9buts de Perseo Light, le magasin automatique compact"},"content":{"rendered":"\t\t<div data-elementor-type=\"wp-post\" data-elementor-id=\"8199\" class=\"elementor elementor-8199 elementor-8168\">\n\t\t\t\t<div class=\"elementor-element elementor-element-ae798f3 e-flex e-con-boxed e-con e-parent\" data-id=\"ae798f3\" data-element_type=\"container\" data-e-type=\"container\">\n\t\t\t\t\t<div class=\"e-con-inner\">\n\t\t\t\t<div class=\"elementor-element elementor-element-a51ab3d elementor-widget elementor-widget-text-editor\" data-id=\"a51ab3d\" data-element_type=\"widget\" data-e-type=\"widget\" data-widget_type=\"text-editor.default\">\n\t\t\t\t<div class=\"elementor-widget-container\">\n\t\t\t\t\t\t\t\t\t<p>Les <strong>18 et 19 mars<\/strong>, <strong>Perseo Customized Automatic Systems<\/strong> participera pour la premi\u00e8re fois \u00e0 l&rsquo;<strong>ABC Fashion Event<\/strong>, l&rsquo;\u00e9v\u00e9nement d\u00e9di\u00e9 aux entreprises des secteurs de la mode, de la maroquinerie et de la chaussure, qui se tiendra au <strong>Fermo Forum dans la r\u00e9gion des Marches, en Italie<\/strong>.<\/p><p>Pour cette premi\u00e8re participation, nous pr\u00e9senterons <strong>Perseo Light<\/strong>, le nouvel <strong>magasin automatique compact<\/strong> con\u00e7u pour optimiser la gestion des composants utilis\u00e9s dans le laboratoire.<\/p><p>Le salon repr\u00e9sente une occasion importante d\u2019\u00e9changer avec les entreprises du secteur et de voir de ses propres yeux les produits, y compris le nouvel magasin Perseo Light.<\/p>\t\t\t\t\t\t\t\t<\/div>\n\t\t\t\t<\/div>\n\t\t\t\t\t<\/div>\n\t\t\t\t<\/div>\n\t\t<div class=\"elementor-element elementor-element-154a0aa e-flex e-con-boxed e-con e-parent\" data-id=\"154a0aa\" data-element_type=\"container\" data-e-type=\"container\">\n\t\t\t\t\t<div class=\"e-con-inner\">\n\t\t\t\t<div class=\"elementor-element elementor-element-87c1033 elementor-widget elementor-widget-image\" data-id=\"87c1033\" data-element_type=\"widget\" data-e-type=\"widget\" data-widget_type=\"image.default\">\n\t\t\t\t<div class=\"elementor-widget-container\">\n\t\t\t\t\t\t\t\t\t\t\t\t\t\t\t<img decoding=\"async\" src=\"https:\/\/magazzinoperseo.it\/wp-content\/uploads\/elementor\/thumbs\/ABC-fiera-Marche-PERSEO-x-IG-rklaix8gols5w2h6hosrcp8czkmzxdeh30ccjlmakg.jpg\" title=\"ABC-fiera-Marche-PERSEO x IG\" alt=\"ABC-fiera-Marche-PERSEO\" loading=\"lazy\" \/>\t\t\t\t\t\t\t\t\t\t\t\t\t\t\t<\/div>\n\t\t\t\t<\/div>\n\t\t\t\t\t<\/div>\n\t\t\t\t<\/div>\n\t\t<div class=\"elementor-element elementor-element-6f00e9e e-flex e-con-boxed e-con e-parent\" data-id=\"6f00e9e\" data-element_type=\"container\" data-e-type=\"container\">\n\t\t\t\t\t<div class=\"e-con-inner\">\n\t\t\t\t<div class=\"elementor-element elementor-element-cbf6b71 elementor-widget elementor-widget-heading\" data-id=\"cbf6b71\" data-element_type=\"widget\" data-e-type=\"widget\" data-widget_type=\"heading.default\">\n\t\t\t\t<div class=\"elementor-widget-container\">\n\t\t\t\t\t<h2 class=\"elementor-heading-title elementor-size-default\">Perseo Light : le magasin automatique pour composants<\/h2>\t\t\t\t<\/div>\n\t\t\t\t<\/div>\n\t\t\t\t\t<\/div>\n\t\t\t\t<\/div>\n\t\t<div class=\"elementor-element elementor-element-244012d e-flex e-con-boxed e-con e-parent\" data-id=\"244012d\" data-element_type=\"container\" data-e-type=\"container\">\n\t\t\t\t\t<div class=\"e-con-inner\">\n\t\t\t\t<div class=\"elementor-element elementor-element-3f0a7e0 elementor-widget elementor-widget-text-editor\" data-id=\"3f0a7e0\" data-element_type=\"widget\" data-e-type=\"widget\" data-widget_type=\"text-editor.default\">\n\t\t\t\t<div class=\"elementor-widget-container\">\n\t\t\t\t\t\t\t\t\t<p>Le nouvel entrep\u00f4t automatique <a href=\"https:\/\/magazzinoperseo.it\/fr\/produits\/perseo-light\/\"><span style=\"text-decoration: underline;\"><strong>Perseo Light<\/strong><\/span><\/a> a \u00e9t\u00e9 con\u00e7u pour am\u00e9liorer l&rsquo;organisation des mat\u00e9riaux fr\u00e9quemment utilis\u00e9s dans les ateliers de peau et de chaussures.<\/p><p>Le syst\u00e8me vous permet de <strong>stocker de mani\u00e8re ordonn\u00e9e<\/strong> :<\/p><ul><li><strong>C\u00f4nes et bobines de fil<\/strong><\/li><li><strong>Bouteilles de teintures<\/strong><\/li><li><strong>Composants<\/strong><\/li><li><strong>Petites pi\u00e8ces<\/strong><\/li><\/ul><p>Gr\u00e2ce \u00e0 la technologie du <strong>magasin vertical automatique<\/strong>, Perseo Light vous permet de :<\/p><ul><li>Optimiser l&rsquo;espace de laboratoire<\/li><li>R\u00e9duction du temps de recherche des mat\u00e9riaux<\/li><li>Am\u00e9liorer l&rsquo;organisation des composants<\/li><li>Rendre le d\u00e9partement plus efficace<\/li><\/ul><p>La structure compacte en fait une solution id\u00e9ale m\u00eame pour les entreprises disposant d&rsquo;un espace limit\u00e9, occupant l&rsquo;espace d\u2019un rayonnage.<\/p>\t\t\t\t\t\t\t\t<\/div>\n\t\t\t\t<\/div>\n\t\t\t\t\t<\/div>\n\t\t\t\t<\/div>\n\t\t<div class=\"elementor-element elementor-element-5605051 e-flex e-con-boxed e-con e-parent\" data-id=\"5605051\" data-element_type=\"container\" data-e-type=\"container\">\n\t\t\t\t\t<div class=\"e-con-inner\">\n\t\t\t\t<div class=\"elementor-element elementor-element-d0d81c1 elementor-widget elementor-widget-heading\" data-id=\"d0d81c1\" data-element_type=\"widget\" data-e-type=\"widget\" data-widget_type=\"heading.default\">\n\t\t\t\t<div class=\"elementor-widget-container\">\n\t\t\t\t\t<h2 class=\"elementor-heading-title elementor-size-default\">Informations sur le salon ABC Fashion Event<\/h2>\t\t\t\t<\/div>\n\t\t\t\t<\/div>\n\t\t\t\t\t<\/div>\n\t\t\t\t<\/div>\n\t\t<div class=\"elementor-element elementor-element-db13f57 e-flex e-con-boxed e-con e-parent\" data-id=\"db13f57\" data-element_type=\"container\" data-e-type=\"container\">\n\t\t\t\t\t<div class=\"e-con-inner\">\n\t\t<div class=\"elementor-element elementor-element-b43afdc e-con-full e-flex e-con e-child\" data-id=\"b43afdc\" data-element_type=\"container\" data-e-type=\"container\">\n\t\t\t\t<div class=\"elementor-element elementor-element-cf3772e elementor-widget elementor-widget-heading\" data-id=\"cf3772e\" data-element_type=\"widget\" data-e-type=\"widget\" data-widget_type=\"heading.default\">\n\t\t\t\t<div class=\"elementor-widget-container\">\n\t\t\t\t\t<h3 class=\"elementor-heading-title elementor-size-default\">O\u00f9 nous trouver<\/h3>\t\t\t\t<\/div>\n\t\t\t\t<\/div>\n\t\t\t\t<div class=\"elementor-element elementor-element-6794f5f elementor-widget elementor-widget-text-editor\" data-id=\"6794f5f\" data-element_type=\"widget\" data-e-type=\"widget\" data-widget_type=\"text-editor.default\">\n\t\t\t\t<div class=\"elementor-widget-container\">\n\t\t\t\t\t\t\t\t\t<p>Lors de <strong>ABC Fashion Event<\/strong>, vous pourrez voir comment fonctionne le magasin automatique <strong>Perseo Light<\/strong> et demander \u00e0 notre \u00e9quipe des clarifications ou plus de d\u00e9tails.<\/p><p><strong>ABC meets Perseo<\/strong><br \/><strong>Stand E14<\/strong><\/p>\t\t\t\t\t\t\t\t<\/div>\n\t\t\t\t<\/div>\n\t\t\t\t<div class=\"elementor-element elementor-element-20029f2 elementor-widget elementor-widget-heading\" data-id=\"20029f2\" data-element_type=\"widget\" data-e-type=\"widget\" data-widget_type=\"heading.default\">\n\t\t\t\t<div class=\"elementor-widget-container\">\n\t\t\t\t\t<h3 class=\"elementor-heading-title elementor-size-default\">Lieu<\/h3>\t\t\t\t<\/div>\n\t\t\t\t<\/div>\n\t\t\t\t<div class=\"elementor-element elementor-element-b9c07ff elementor-widget elementor-widget-text-editor\" data-id=\"b9c07ff\" data-element_type=\"widget\" data-e-type=\"widget\" data-widget_type=\"text-editor.default\">\n\t\t\t\t<div class=\"elementor-widget-container\">\n\t\t\t\t\t\t\t\t\t<p>Fermo Forum<br \/>Via Giovanni Agnelli<br \/>63900 Fermo FM<br \/>Marche, Italie<\/p>\t\t\t\t\t\t\t\t<\/div>\n\t\t\t\t<\/div>\n\t\t\t\t<div class=\"elementor-element elementor-element-28c720c elementor-widget elementor-widget-heading\" data-id=\"28c720c\" data-element_type=\"widget\" data-e-type=\"widget\" data-widget_type=\"heading.default\">\n\t\t\t\t<div class=\"elementor-widget-container\">\n\t\t\t\t\t<h3 class=\"elementor-heading-title elementor-size-default\">Dates et heures<\/h3>\t\t\t\t<\/div>\n\t\t\t\t<\/div>\n\t\t\t\t<div class=\"elementor-element elementor-element-6da28ae elementor-widget elementor-widget-text-editor\" data-id=\"6da28ae\" data-element_type=\"widget\" data-e-type=\"widget\" data-widget_type=\"text-editor.default\">\n\t\t\t\t<div class=\"elementor-widget-container\">\n\t\t\t\t\t\t\t\t\t<ul><li><strong>18 mars<\/strong> : de 09h30 \u00e0 18h30<\/li><li><strong>19 mars<\/strong> : de 09h30 \u00e0 18h30<\/li><\/ul>\t\t\t\t\t\t\t\t<\/div>\n\t\t\t\t<\/div>\n\t\t\t\t<\/div>\n\t\t<div class=\"elementor-element elementor-element-e5333a1 e-con-full e-flex e-con e-child\" data-id=\"e5333a1\" data-element_type=\"container\" data-e-type=\"container\">\n\t\t\t\t<div class=\"elementor-element elementor-element-5d0bd6b elementor-widget elementor-widget-image\" data-id=\"5d0bd6b\" data-element_type=\"widget\" data-e-type=\"widget\" data-widget_type=\"image.default\">\n\t\t\t\t<div class=\"elementor-widget-container\">\n\t\t\t\t\t\t\t\t\t\t\t\t\t\t\t<img fetchpriority=\"high\" decoding=\"async\" width=\"500\" height=\"500\" src=\"https:\/\/magazzinoperseo.it\/wp-content\/uploads\/2026\/02\/logo-abc-fashion-event.jpg\" class=\"attachment-large size-large wp-image-7740\" alt=\"logo-abc-fashion-event\" srcset=\"https:\/\/magazzinoperseo.it\/wp-content\/uploads\/2026\/02\/logo-abc-fashion-event.jpg 500w, https:\/\/magazzinoperseo.it\/wp-content\/uploads\/2026\/02\/logo-abc-fashion-event-300x300.jpg 300w, https:\/\/magazzinoperseo.it\/wp-content\/uploads\/2026\/02\/logo-abc-fashion-event-150x150.jpg 150w, https:\/\/magazzinoperseo.it\/wp-content\/uploads\/2026\/02\/logo-abc-fashion-event-400x400.jpg 400w, https:\/\/magazzinoperseo.it\/wp-content\/uploads\/2026\/02\/logo-abc-fashion-event-24x24.jpg 24w, https:\/\/magazzinoperseo.it\/wp-content\/uploads\/2026\/02\/logo-abc-fashion-event-36x36.jpg 36w, https:\/\/magazzinoperseo.it\/wp-content\/uploads\/2026\/02\/logo-abc-fashion-event-48x48.jpg 48w\" sizes=\"(max-width: 500px) 100vw, 500px\" \/>\t\t\t\t\t\t\t\t\t\t\t\t\t\t\t<\/div>\n\t\t\t\t<\/div>\n\t\t\t\t<\/div>\n\t\t\t\t\t<\/div>\n\t\t\t\t<\/div>\n\t\t<div class=\"elementor-element elementor-element-5a9e5c7 e-flex e-con-boxed e-con e-parent\" data-id=\"5a9e5c7\" data-element_type=\"container\" data-e-type=\"container\">\n\t\t\t\t\t<div class=\"e-con-inner\">\n\t\t\t\t<div class=\"elementor-element elementor-element-1724c72 elementor-widget elementor-widget-image\" data-id=\"1724c72\" data-element_type=\"widget\" data-e-type=\"widget\" data-widget_type=\"image.default\">\n\t\t\t\t<div class=\"elementor-widget-container\">\n\t\t\t\t\t\t\t\t\t\t\t\t\t\t\t\t<a href=\"https:\/\/magazzinoperseo.it\/wp-content\/uploads\/2026\/03\/carte-salon-ABC-fashion-event.jpg\" data-elementor-open-lightbox=\"yes\" data-elementor-lightbox-title=\"carte-salon-ABC-fashion-event\" data-e-action-hash=\"#elementor-action%3Aaction%3Dlightbox%26settings%3DeyJpZCI6ODIwMSwidXJsIjoiaHR0cHM6XC9cL21hZ2F6emlub3BlcnNlby5pdFwvd3AtY29udGVudFwvdXBsb2Fkc1wvMjAyNlwvMDNcL2NhcnRlLXNhbG9uLUFCQy1mYXNoaW9uLWV2ZW50LmpwZyJ9\">\n\t\t\t\t\t\t\t<img decoding=\"async\" width=\"800\" height=\"534\" src=\"https:\/\/magazzinoperseo.it\/wp-content\/uploads\/2026\/03\/carte-salon-ABC-fashion-event-1024x683.jpg\" class=\"attachment-large size-large wp-image-8201\" alt=\"carte-salon-ABC-fashion-event\" srcset=\"https:\/\/magazzinoperseo.it\/wp-content\/uploads\/2026\/03\/carte-salon-ABC-fashion-event-1024x683.jpg 1024w, https:\/\/magazzinoperseo.it\/wp-content\/uploads\/2026\/03\/carte-salon-ABC-fashion-event-300x200.jpg 300w, https:\/\/magazzinoperseo.it\/wp-content\/uploads\/2026\/03\/carte-salon-ABC-fashion-event-768x512.jpg 768w, https:\/\/magazzinoperseo.it\/wp-content\/uploads\/2026\/03\/carte-salon-ABC-fashion-event-24x16.jpg 24w, https:\/\/magazzinoperseo.it\/wp-content\/uploads\/2026\/03\/carte-salon-ABC-fashion-event-36x24.jpg 36w, https:\/\/magazzinoperseo.it\/wp-content\/uploads\/2026\/03\/carte-salon-ABC-fashion-event-48x32.jpg 48w, https:\/\/magazzinoperseo.it\/wp-content\/uploads\/2026\/03\/carte-salon-ABC-fashion-event.jpg 1500w\" sizes=\"(max-width: 800px) 100vw, 800px\" \/>\t\t\t\t\t\t\t\t<\/a>\n\t\t\t\t\t\t\t\t\t\t\t\t\t\t\t<\/div>\n\t\t\t\t<\/div>\n\t\t\t\t\t<\/div>\n\t\t\t\t<\/div>\n\t\t<div class=\"elementor-element elementor-element-9774afa e-flex e-con-boxed e-con e-parent\" data-id=\"9774afa\" data-element_type=\"container\" data-e-type=\"container\">\n\t\t\t\t\t<div class=\"e-con-inner\">\n\t\t\t\t<div class=\"elementor-element elementor-element-e752a9a elementor-widget elementor-widget-text-editor\" data-id=\"e752a9a\" data-element_type=\"widget\" data-e-type=\"widget\" data-widget_type=\"text-editor.default\">\n\t\t\t\t<div class=\"elementor-widget-container\">\n\t\t\t\t\t\t\t\t\t<p>Si vous souhaitez d\u00e9couvrir comment un <strong>magasin automatique compact<\/strong> peut am\u00e9liorer l&rsquo;organisation de votre d\u00e9partement, nous avons h\u00e2te de vous voir \u00e0 <strong>ABC Fashion Event<\/strong>.<\/p><p>Venez nous rendre visite au <strong>stand E14<\/strong> ou prenez rendez-vous. Contactez-nous par courriel au <strong>info@magazzinoperseo.it<\/strong> ou appelez-nous au <strong>+39 0574 25723<\/strong>. <\/p>\t\t\t\t\t\t\t\t<\/div>\n\t\t\t\t<\/div>\n\t\t\t\t\t<\/div>\n\t\t\t\t<\/div>\n\t\t<div class=\"elementor-element elementor-element-e4e9e06 e-flex e-con-boxed e-con e-parent\" data-id=\"e4e9e06\" data-element_type=\"container\" data-e-type=\"container\">\n\t\t\t\t\t<div class=\"e-con-inner\">\n\t\t\t\t<div class=\"elementor-element elementor-element-f3f4365 elementor-align-center elementor-widget elementor-widget-button\" data-id=\"f3f4365\" data-element_type=\"widget\" data-e-type=\"widget\" data-widget_type=\"button.default\">\n\t\t\t\t<div class=\"elementor-widget-container\">\n\t\t\t\t\t\t\t\t\t<div class=\"elementor-button-wrapper\">\n\t\t\t\t\t<a class=\"elementor-button elementor-button-link elementor-size-sm\" href=\"https:\/\/magazzinoperseo.it\/fr\/contactez-nous\/\">\n\t\t\t\t\t\t<span class=\"elementor-button-content-wrapper\">\n\t\t\t\t\t\t\t\t\t<span class=\"elementor-button-text\">Demandez plus d'informations<\/span>\n\t\t\t\t\t<\/span>\n\t\t\t\t\t<\/a>\n\t\t\t\t<\/div>\n\t\t\t\t\t\t\t\t<\/div>\n\t\t\t\t<\/div>\n\t\t\t\t\t<\/div>\n\t\t\t\t<\/div>\n\t\t\t\t<\/div>\n\t\t","protected":false},"excerpt":{"rendered":"<p>Les 18 et 19 mars, Perseo Customized Automatic Systems participera pour la premi\u00e8re fois \u00e0 l&rsquo;ABC Fashion Event, l&rsquo;\u00e9v\u00e9nement d\u00e9di\u00e9 aux entreprises des secteurs de la mode, de la maroquinerie et de la chaussure, qui se&#8230;<br \/><a class=\"read-more\" style=\"text-decoration:underline;\" href=\"https:\/\/magazzinoperseo.it\/fr\/evenements-et-foires\/abc-fashion-event-debuts-de-perseo-light\/\">En savoir plus<\/a><\/p>\n","protected":false},"author":2,"featured_media":7740,"comment_status":"open","ping_status":"open","sticky":false,"template":"","format":"standard","meta":{"_acf_changed":false,"footnotes":""},"categories":[36],"tags":[],"class_list":["post-8199","post","type-post","status-publish","format-standard","has-post-thumbnail","hentry","category-evenements-et-foires"],"acf":[],"yoast_head":"<!-- This site is optimized with the Yoast SEO plugin v27.2 - https:\/\/yoast.com\/product\/yoast-seo-wordpress\/ -->\n<title>ABC Fashion Event : d\u00e9buts de Perseo Light, le magasin automatique compact - Perseo<\/title>\n<meta name=\"description\" content=\"Nous avons h\u00e2te de vous voir \u00e0 ABC Fashion Event au Fermo Forum dans la r\u00e9gion des Marches. Venez d\u00e9couvrir le nouveau Perseo Light, magasin automatique compact.\" \/>\n<meta name=\"robots\" content=\"index, follow, max-snippet:-1, max-image-preview:large, max-video-preview:-1\" \/>\n<link rel=\"canonical\" href=\"https:\/\/magazzinoperseo.it\/fr\/evenements-et-foires\/abc-fashion-event-debuts-de-perseo-light\/\" \/>\n<meta property=\"og:locale\" content=\"fr_FR\" \/>\n<meta property=\"og:type\" content=\"article\" \/>\n<meta property=\"og:title\" content=\"ABC Fashion Event : d\u00e9buts de Perseo Light, le magasin automatique compact - Perseo\" \/>\n<meta property=\"og:description\" content=\"Nous avons h\u00e2te de vous voir \u00e0 ABC Fashion Event au Fermo Forum dans la r\u00e9gion des Marches. Venez d\u00e9couvrir le nouveau Perseo Light, magasin automatique compact.\" \/>\n<meta property=\"og:url\" content=\"https:\/\/magazzinoperseo.it\/fr\/evenements-et-foires\/abc-fashion-event-debuts-de-perseo-light\/\" \/>\n<meta property=\"og:site_name\" content=\"Perseo\" \/>\n<meta property=\"article:published_time\" content=\"2026-03-17T09:36:25+00:00\" \/>\n<meta property=\"article:modified_time\" content=\"2026-03-17T09:47:46+00:00\" \/>\n<meta property=\"og:image\" content=\"https:\/\/magazzinoperseo.it\/wp-content\/uploads\/2026\/02\/logo-abc-fashion-event.jpg\" \/>\n\t<meta property=\"og:image:width\" content=\"500\" \/>\n\t<meta property=\"og:image:height\" content=\"500\" \/>\n\t<meta property=\"og:image:type\" content=\"image\/jpeg\" \/>\n<meta name=\"author\" content=\"Cecilia\" \/>\n<meta name=\"twitter:card\" content=\"summary_large_image\" \/>\n<meta name=\"twitter:label1\" content=\"\u00c9crit par\" \/>\n\t<meta name=\"twitter:data1\" content=\"Cecilia\" \/>\n\t<meta name=\"twitter:label2\" content=\"Dur\u00e9e de lecture estim\u00e9e\" \/>\n\t<meta name=\"twitter:data2\" content=\"3 minutes\" \/>\n<script type=\"application\/ld+json\" class=\"yoast-schema-graph\">{\"@context\":\"https:\/\/schema.org\",\"@graph\":[{\"@type\":\"Article\",\"@id\":\"https:\/\/magazzinoperseo.it\/fr\/evenements-et-foires\/abc-fashion-event-debuts-de-perseo-light\/#article\",\"isPartOf\":{\"@id\":\"https:\/\/magazzinoperseo.it\/fr\/evenements-et-foires\/abc-fashion-event-debuts-de-perseo-light\/\"},\"author\":{\"name\":\"Cecilia\",\"@id\":\"https:\/\/magazzinoperseo.it\/en\/#\/schema\/person\/72758b7edf7e17d410717f7c76c41ef1\"},\"headline\":\"ABC Fashion Event : d\u00e9buts de Perseo Light, le magasin automatique compact\",\"datePublished\":\"2026-03-17T09:36:25+00:00\",\"dateModified\":\"2026-03-17T09:47:46+00:00\",\"mainEntityOfPage\":{\"@id\":\"https:\/\/magazzinoperseo.it\/fr\/evenements-et-foires\/abc-fashion-event-debuts-de-perseo-light\/\"},\"wordCount\":360,\"commentCount\":0,\"publisher\":{\"@id\":\"https:\/\/magazzinoperseo.it\/en\/#organization\"},\"image\":{\"@id\":\"https:\/\/magazzinoperseo.it\/fr\/evenements-et-foires\/abc-fashion-event-debuts-de-perseo-light\/#primaryimage\"},\"thumbnailUrl\":\"https:\/\/magazzinoperseo.it\/wp-content\/uploads\/2026\/02\/logo-abc-fashion-event.jpg\",\"articleSection\":[\"\u00c9v\u00e9nements et Foires\"],\"inLanguage\":\"fr-FR\",\"potentialAction\":[{\"@type\":\"CommentAction\",\"name\":\"Comment\",\"target\":[\"https:\/\/magazzinoperseo.it\/fr\/evenements-et-foires\/abc-fashion-event-debuts-de-perseo-light\/#respond\"]}]},{\"@type\":\"WebPage\",\"@id\":\"https:\/\/magazzinoperseo.it\/fr\/evenements-et-foires\/abc-fashion-event-debuts-de-perseo-light\/\",\"url\":\"https:\/\/magazzinoperseo.it\/fr\/evenements-et-foires\/abc-fashion-event-debuts-de-perseo-light\/\",\"name\":\"ABC Fashion Event : d\u00e9buts de Perseo Light, le magasin automatique compact - Perseo\",\"isPartOf\":{\"@id\":\"https:\/\/magazzinoperseo.it\/en\/#website\"},\"primaryImageOfPage\":{\"@id\":\"https:\/\/magazzinoperseo.it\/fr\/evenements-et-foires\/abc-fashion-event-debuts-de-perseo-light\/#primaryimage\"},\"image\":{\"@id\":\"https:\/\/magazzinoperseo.it\/fr\/evenements-et-foires\/abc-fashion-event-debuts-de-perseo-light\/#primaryimage\"},\"thumbnailUrl\":\"https:\/\/magazzinoperseo.it\/wp-content\/uploads\/2026\/02\/logo-abc-fashion-event.jpg\",\"datePublished\":\"2026-03-17T09:36:25+00:00\",\"dateModified\":\"2026-03-17T09:47:46+00:00\",\"description\":\"Nous avons h\u00e2te de vous voir \u00e0 ABC Fashion Event au Fermo Forum dans la r\u00e9gion des Marches. Venez d\u00e9couvrir le nouveau Perseo Light, magasin automatique compact.\",\"breadcrumb\":{\"@id\":\"https:\/\/magazzinoperseo.it\/fr\/evenements-et-foires\/abc-fashion-event-debuts-de-perseo-light\/#breadcrumb\"},\"inLanguage\":\"fr-FR\",\"potentialAction\":[{\"@type\":\"ReadAction\",\"target\":[\"https:\/\/magazzinoperseo.it\/fr\/evenements-et-foires\/abc-fashion-event-debuts-de-perseo-light\/\"]}]},{\"@type\":\"ImageObject\",\"inLanguage\":\"fr-FR\",\"@id\":\"https:\/\/magazzinoperseo.it\/fr\/evenements-et-foires\/abc-fashion-event-debuts-de-perseo-light\/#primaryimage\",\"url\":\"https:\/\/magazzinoperseo.it\/wp-content\/uploads\/2026\/02\/logo-abc-fashion-event.jpg\",\"contentUrl\":\"https:\/\/magazzinoperseo.it\/wp-content\/uploads\/2026\/02\/logo-abc-fashion-event.jpg\",\"width\":500,\"height\":500,\"caption\":\"logo-abc-fashion-event\"},{\"@type\":\"BreadcrumbList\",\"@id\":\"https:\/\/magazzinoperseo.it\/fr\/evenements-et-foires\/abc-fashion-event-debuts-de-perseo-light\/#breadcrumb\",\"itemListElement\":[{\"@type\":\"ListItem\",\"position\":1,\"name\":\"Home\",\"item\":\"https:\/\/magazzinoperseo.it\/\"},{\"@type\":\"ListItem\",\"position\":2,\"name\":\"ABC Fashion Event : d\u00e9buts de Perseo Light, le magasin automatique compact\"}]},{\"@type\":\"WebSite\",\"@id\":\"https:\/\/magazzinoperseo.it\/en\/#website\",\"url\":\"https:\/\/magazzinoperseo.it\/en\/\",\"name\":\"Perseo\",\"description\":\"\",\"publisher\":{\"@id\":\"https:\/\/magazzinoperseo.it\/en\/#organization\"},\"potentialAction\":[{\"@type\":\"SearchAction\",\"target\":{\"@type\":\"EntryPoint\",\"urlTemplate\":\"https:\/\/magazzinoperseo.it\/en\/?s={search_term_string}\"},\"query-input\":{\"@type\":\"PropertyValueSpecification\",\"valueRequired\":true,\"valueName\":\"search_term_string\"}}],\"inLanguage\":\"fr-FR\"},{\"@type\":\"Organization\",\"@id\":\"https:\/\/magazzinoperseo.it\/en\/#organization\",\"name\":\"CBC srl\",\"url\":\"https:\/\/magazzinoperseo.it\/en\/\",\"logo\":{\"@type\":\"ImageObject\",\"inLanguage\":\"fr-FR\",\"@id\":\"https:\/\/magazzinoperseo.it\/en\/#\/schema\/logo\/image\/\",\"url\":\"https:\/\/magazzinoperseo.it\/wp-content\/uploads\/2021\/01\/logo-magazzino-perseo.png\",\"contentUrl\":\"https:\/\/magazzinoperseo.it\/wp-content\/uploads\/2021\/01\/logo-magazzino-perseo.png\",\"width\":352,\"height\":231,\"caption\":\"CBC srl\"},\"image\":{\"@id\":\"https:\/\/magazzinoperseo.it\/en\/#\/schema\/logo\/image\/\"}},{\"@type\":\"Person\",\"@id\":\"https:\/\/magazzinoperseo.it\/en\/#\/schema\/person\/72758b7edf7e17d410717f7c76c41ef1\",\"name\":\"Cecilia\",\"image\":{\"@type\":\"ImageObject\",\"inLanguage\":\"fr-FR\",\"@id\":\"https:\/\/secure.gravatar.com\/avatar\/a59e665831e28f87b0e0b2993ccc300369a11814b880d658ae5ff4ed0d8687d0?s=96&d=mm&r=g\",\"url\":\"https:\/\/secure.gravatar.com\/avatar\/a59e665831e28f87b0e0b2993ccc300369a11814b880d658ae5ff4ed0d8687d0?s=96&d=mm&r=g\",\"contentUrl\":\"https:\/\/secure.gravatar.com\/avatar\/a59e665831e28f87b0e0b2993ccc300369a11814b880d658ae5ff4ed0d8687d0?s=96&d=mm&r=g\",\"caption\":\"Cecilia\"},\"url\":\"https:\/\/magazzinoperseo.it\/fr\/author\/cecilia\/\"}]}<\/script>\n<!-- \/ Yoast SEO plugin. -->","yoast_head_json":{"title":"ABC Fashion Event : d\u00e9buts de Perseo Light, le magasin automatique compact - Perseo","description":"Nous avons h\u00e2te de vous voir \u00e0 ABC Fashion Event au Fermo Forum dans la r\u00e9gion des Marches. Venez d\u00e9couvrir le nouveau Perseo Light, magasin automatique compact.","robots":{"index":"index","follow":"follow","max-snippet":"max-snippet:-1","max-image-preview":"max-image-preview:large","max-video-preview":"max-video-preview:-1"},"canonical":"https:\/\/magazzinoperseo.it\/fr\/evenements-et-foires\/abc-fashion-event-debuts-de-perseo-light\/","og_locale":"fr_FR","og_type":"article","og_title":"ABC Fashion Event : d\u00e9buts de Perseo Light, le magasin automatique compact - Perseo","og_description":"Nous avons h\u00e2te de vous voir \u00e0 ABC Fashion Event au Fermo Forum dans la r\u00e9gion des Marches. Venez d\u00e9couvrir le nouveau Perseo Light, magasin automatique compact.","og_url":"https:\/\/magazzinoperseo.it\/fr\/evenements-et-foires\/abc-fashion-event-debuts-de-perseo-light\/","og_site_name":"Perseo","article_published_time":"2026-03-17T09:36:25+00:00","article_modified_time":"2026-03-17T09:47:46+00:00","og_image":[{"width":500,"height":500,"url":"https:\/\/magazzinoperseo.it\/wp-content\/uploads\/2026\/02\/logo-abc-fashion-event.jpg","type":"image\/jpeg"}],"author":"Cecilia","twitter_card":"summary_large_image","twitter_misc":{"\u00c9crit par":"Cecilia","Dur\u00e9e de lecture estim\u00e9e":"3 minutes"},"schema":{"@context":"https:\/\/schema.org","@graph":[{"@type":"Article","@id":"https:\/\/magazzinoperseo.it\/fr\/evenements-et-foires\/abc-fashion-event-debuts-de-perseo-light\/#article","isPartOf":{"@id":"https:\/\/magazzinoperseo.it\/fr\/evenements-et-foires\/abc-fashion-event-debuts-de-perseo-light\/"},"author":{"name":"Cecilia","@id":"https:\/\/magazzinoperseo.it\/en\/#\/schema\/person\/72758b7edf7e17d410717f7c76c41ef1"},"headline":"ABC Fashion Event : d\u00e9buts de Perseo Light, le magasin automatique compact","datePublished":"2026-03-17T09:36:25+00:00","dateModified":"2026-03-17T09:47:46+00:00","mainEntityOfPage":{"@id":"https:\/\/magazzinoperseo.it\/fr\/evenements-et-foires\/abc-fashion-event-debuts-de-perseo-light\/"},"wordCount":360,"commentCount":0,"publisher":{"@id":"https:\/\/magazzinoperseo.it\/en\/#organization"},"image":{"@id":"https:\/\/magazzinoperseo.it\/fr\/evenements-et-foires\/abc-fashion-event-debuts-de-perseo-light\/#primaryimage"},"thumbnailUrl":"https:\/\/magazzinoperseo.it\/wp-content\/uploads\/2026\/02\/logo-abc-fashion-event.jpg","articleSection":["\u00c9v\u00e9nements et Foires"],"inLanguage":"fr-FR","potentialAction":[{"@type":"CommentAction","name":"Comment","target":["https:\/\/magazzinoperseo.it\/fr\/evenements-et-foires\/abc-fashion-event-debuts-de-perseo-light\/#respond"]}]},{"@type":"WebPage","@id":"https:\/\/magazzinoperseo.it\/fr\/evenements-et-foires\/abc-fashion-event-debuts-de-perseo-light\/","url":"https:\/\/magazzinoperseo.it\/fr\/evenements-et-foires\/abc-fashion-event-debuts-de-perseo-light\/","name":"ABC Fashion Event : d\u00e9buts de Perseo Light, le magasin automatique compact - Perseo","isPartOf":{"@id":"https:\/\/magazzinoperseo.it\/en\/#website"},"primaryImageOfPage":{"@id":"https:\/\/magazzinoperseo.it\/fr\/evenements-et-foires\/abc-fashion-event-debuts-de-perseo-light\/#primaryimage"},"image":{"@id":"https:\/\/magazzinoperseo.it\/fr\/evenements-et-foires\/abc-fashion-event-debuts-de-perseo-light\/#primaryimage"},"thumbnailUrl":"https:\/\/magazzinoperseo.it\/wp-content\/uploads\/2026\/02\/logo-abc-fashion-event.jpg","datePublished":"2026-03-17T09:36:25+00:00","dateModified":"2026-03-17T09:47:46+00:00","description":"Nous avons h\u00e2te de vous voir \u00e0 ABC Fashion Event au Fermo Forum dans la r\u00e9gion des Marches. Venez d\u00e9couvrir le nouveau Perseo Light, magasin automatique compact.","breadcrumb":{"@id":"https:\/\/magazzinoperseo.it\/fr\/evenements-et-foires\/abc-fashion-event-debuts-de-perseo-light\/#breadcrumb"},"inLanguage":"fr-FR","potentialAction":[{"@type":"ReadAction","target":["https:\/\/magazzinoperseo.it\/fr\/evenements-et-foires\/abc-fashion-event-debuts-de-perseo-light\/"]}]},{"@type":"ImageObject","inLanguage":"fr-FR","@id":"https:\/\/magazzinoperseo.it\/fr\/evenements-et-foires\/abc-fashion-event-debuts-de-perseo-light\/#primaryimage","url":"https:\/\/magazzinoperseo.it\/wp-content\/uploads\/2026\/02\/logo-abc-fashion-event.jpg","contentUrl":"https:\/\/magazzinoperseo.it\/wp-content\/uploads\/2026\/02\/logo-abc-fashion-event.jpg","width":500,"height":500,"caption":"logo-abc-fashion-event"},{"@type":"BreadcrumbList","@id":"https:\/\/magazzinoperseo.it\/fr\/evenements-et-foires\/abc-fashion-event-debuts-de-perseo-light\/#breadcrumb","itemListElement":[{"@type":"ListItem","position":1,"name":"Home","item":"https:\/\/magazzinoperseo.it\/"},{"@type":"ListItem","position":2,"name":"ABC Fashion Event : d\u00e9buts de Perseo Light, le magasin automatique compact"}]},{"@type":"WebSite","@id":"https:\/\/magazzinoperseo.it\/en\/#website","url":"https:\/\/magazzinoperseo.it\/en\/","name":"Perseo","description":"","publisher":{"@id":"https:\/\/magazzinoperseo.it\/en\/#organization"},"potentialAction":[{"@type":"SearchAction","target":{"@type":"EntryPoint","urlTemplate":"https:\/\/magazzinoperseo.it\/en\/?s={search_term_string}"},"query-input":{"@type":"PropertyValueSpecification","valueRequired":true,"valueName":"search_term_string"}}],"inLanguage":"fr-FR"},{"@type":"Organization","@id":"https:\/\/magazzinoperseo.it\/en\/#organization","name":"CBC srl","url":"https:\/\/magazzinoperseo.it\/en\/","logo":{"@type":"ImageObject","inLanguage":"fr-FR","@id":"https:\/\/magazzinoperseo.it\/en\/#\/schema\/logo\/image\/","url":"https:\/\/magazzinoperseo.it\/wp-content\/uploads\/2021\/01\/logo-magazzino-perseo.png","contentUrl":"https:\/\/magazzinoperseo.it\/wp-content\/uploads\/2021\/01\/logo-magazzino-perseo.png","width":352,"height":231,"caption":"CBC srl"},"image":{"@id":"https:\/\/magazzinoperseo.it\/en\/#\/schema\/logo\/image\/"}},{"@type":"Person","@id":"https:\/\/magazzinoperseo.it\/en\/#\/schema\/person\/72758b7edf7e17d410717f7c76c41ef1","name":"Cecilia","image":{"@type":"ImageObject","inLanguage":"fr-FR","@id":"https:\/\/secure.gravatar.com\/avatar\/a59e665831e28f87b0e0b2993ccc300369a11814b880d658ae5ff4ed0d8687d0?s=96&d=mm&r=g","url":"https:\/\/secure.gravatar.com\/avatar\/a59e665831e28f87b0e0b2993ccc300369a11814b880d658ae5ff4ed0d8687d0?s=96&d=mm&r=g","contentUrl":"https:\/\/secure.gravatar.com\/avatar\/a59e665831e28f87b0e0b2993ccc300369a11814b880d658ae5ff4ed0d8687d0?s=96&d=mm&r=g","caption":"Cecilia"},"url":"https:\/\/magazzinoperseo.it\/fr\/author\/cecilia\/"}]}},"_links":{"self":[{"href":"https:\/\/magazzinoperseo.it\/fr\/wp-json\/wp\/v2\/posts\/8199","targetHints":{"allow":["GET"]}}],"collection":[{"href":"https:\/\/magazzinoperseo.it\/fr\/wp-json\/wp\/v2\/posts"}],"about":[{"href":"https:\/\/magazzinoperseo.it\/fr\/wp-json\/wp\/v2\/types\/post"}],"author":[{"embeddable":true,"href":"https:\/\/magazzinoperseo.it\/fr\/wp-json\/wp\/v2\/users\/2"}],"replies":[{"embeddable":true,"href":"https:\/\/magazzinoperseo.it\/fr\/wp-json\/wp\/v2\/comments?post=8199"}],"version-history":[{"count":4,"href":"https:\/\/magazzinoperseo.it\/fr\/wp-json\/wp\/v2\/posts\/8199\/revisions"}],"predecessor-version":[{"id":8208,"href":"https:\/\/magazzinoperseo.it\/fr\/wp-json\/wp\/v2\/posts\/8199\/revisions\/8208"}],"wp:featuredmedia":[{"embeddable":true,"href":"https:\/\/magazzinoperseo.it\/fr\/wp-json\/wp\/v2\/media\/7740"}],"wp:attachment":[{"href":"https:\/\/magazzinoperseo.it\/fr\/wp-json\/wp\/v2\/media?parent=8199"}],"wp:term":[{"taxonomy":"category","embeddable":true,"href":"https:\/\/magazzinoperseo.it\/fr\/wp-json\/wp\/v2\/categories?post=8199"},{"taxonomy":"post_tag","embeddable":true,"href":"https:\/\/magazzinoperseo.it\/fr\/wp-json\/wp\/v2\/tags?post=8199"}],"curies":[{"name":"wp","href":"https:\/\/api.w.org\/{rel}","templated":true}]}}