{"id":8553,"date":"2026-09-02T10:45:34","date_gmt":"2026-09-02T08:45:34","guid":{"rendered":"https:\/\/magazzinoperseo.it\/?p=8553"},"modified":"2026-09-02T10:58:38","modified_gmt":"2026-09-02T08:58:38","slug":"simac-tanning-tech-2026-descubre-perseo-light","status":"publish","type":"post","link":"https:\/\/magazzinoperseo.it\/es\/eventos-y-ferias\/simac-tanning-tech-2026-descubre-perseo-light\/","title":{"rendered":"Simac Tanning Tech 2026: descubre Perseo Light"},"content":{"rendered":"\t\t<div data-elementor-type=\"wp-post\" data-elementor-id=\"8553\" class=\"elementor elementor-8553 elementor-8437\">\n\t\t\t\t<div class=\"elementor-element elementor-element-4cb4561 e-flex e-con-boxed e-con e-parent\" data-id=\"4cb4561\" data-element_type=\"container\" data-e-type=\"container\">\n\t\t\t\t\t<div class=\"e-con-inner\">\n\t\t\t\t<div class=\"elementor-element elementor-element-78f9e09 elementor-widget elementor-widget-text-editor\" data-id=\"78f9e09\" data-element_type=\"widget\" data-e-type=\"widget\" data-widget_type=\"text-editor.default\">\n\t\t\t\t<div class=\"elementor-widget-container\">\n\t\t\t\t\t\t\t\t\t<p>Del <strong>15 al 17 de septiembre de 2026<\/strong> participaremos en la feria <strong>Simac Tanning Tech<\/strong>, el evento internacional de referencia para las tecnolog\u00edas y soluciones destinadas a los <strong>sectores del calzado, la marroquiner\u00eda y la industria de la curtidur\u00eda<\/strong>.<\/p><p>Te esperamos en <strong>Fiera Milano Rho<\/strong>, en el <strong>Pabell\u00f3n 14 \u2013 Stand D12<\/strong>, para presentarte nuestras soluciones para la gesti\u00f3n, el almacenamiento y la log\u00edstica interna y, sobre todo, para mostrarte en primicia una de nuestras \u00faltimas novedades: <strong>Perseo Light<\/strong>, el <strong>nuevo almac\u00e9n autom\u00e1tico compacto para componentes y peque\u00f1os art\u00edculos<\/strong>.<\/p><p>Ser\u00e1 una excelente oportunidad para encontrarnos, conocer m\u00e1s de cerca nuestras tecnolog\u00edas y hablar sobre las necesidades espec\u00edficas de tu empresa.<\/p>\t\t\t\t\t\t\t\t<\/div>\n\t\t\t\t<\/div>\n\t\t\t\t\t<\/div>\n\t\t\t\t<\/div>\n\t\t<div class=\"elementor-element elementor-element-4c8da24 e-flex e-con-boxed e-con e-parent\" data-id=\"4c8da24\" data-element_type=\"container\" data-e-type=\"container\">\n\t\t\t\t\t<div class=\"e-con-inner\">\n\t\t\t\t<div class=\"elementor-element elementor-element-226888d elementor-widget elementor-widget-image\" data-id=\"226888d\" data-element_type=\"widget\" data-e-type=\"widget\" data-widget_type=\"image.default\">\n\t\t\t\t<div class=\"elementor-widget-container\">\n\t\t\t\t\t\t\t\t\t\t\t\t\t\t\t<img fetchpriority=\"high\" decoding=\"async\" width=\"400\" height=\"400\" src=\"https:\/\/magazzinoperseo.it\/wp-content\/uploads\/2026\/08\/abc-meets-perseo-simac-tanning-tech-2026-400x400.png\" class=\"attachment-collection-thumb size-collection-thumb wp-image-8441\" alt=\"abc-meets-perseo-simac-tanning-tech-2026\" srcset=\"https:\/\/magazzinoperseo.it\/wp-content\/uploads\/2026\/08\/abc-meets-perseo-simac-tanning-tech-2026-400x400.png 400w, https:\/\/magazzinoperseo.it\/wp-content\/uploads\/2026\/08\/abc-meets-perseo-simac-tanning-tech-2026-300x300.png 300w, https:\/\/magazzinoperseo.it\/wp-content\/uploads\/2026\/08\/abc-meets-perseo-simac-tanning-tech-2026-1024x1024.png 1024w, https:\/\/magazzinoperseo.it\/wp-content\/uploads\/2026\/08\/abc-meets-perseo-simac-tanning-tech-2026-150x150.png 150w, https:\/\/magazzinoperseo.it\/wp-content\/uploads\/2026\/08\/abc-meets-perseo-simac-tanning-tech-2026-768x768.png 768w, https:\/\/magazzinoperseo.it\/wp-content\/uploads\/2026\/08\/abc-meets-perseo-simac-tanning-tech-2026-24x24.png 24w, https:\/\/magazzinoperseo.it\/wp-content\/uploads\/2026\/08\/abc-meets-perseo-simac-tanning-tech-2026-36x36.png 36w, https:\/\/magazzinoperseo.it\/wp-content\/uploads\/2026\/08\/abc-meets-perseo-simac-tanning-tech-2026-48x48.png 48w, https:\/\/magazzinoperseo.it\/wp-content\/uploads\/2026\/08\/abc-meets-perseo-simac-tanning-tech-2026.png 1080w\" sizes=\"(max-width: 400px) 100vw, 400px\" \/>\t\t\t\t\t\t\t\t\t\t\t\t\t\t\t<\/div>\n\t\t\t\t<\/div>\n\t\t\t\t\t<\/div>\n\t\t\t\t<\/div>\n\t\t<div class=\"elementor-element elementor-element-29defbf e-flex e-con-boxed e-con e-parent\" data-id=\"29defbf\" data-element_type=\"container\" data-e-type=\"container\">\n\t\t\t\t\t<div class=\"e-con-inner\">\n\t\t\t\t<div class=\"elementor-element elementor-element-ee93fc0 elementor-widget elementor-widget-heading\" data-id=\"ee93fc0\" data-element_type=\"widget\" data-e-type=\"widget\" data-widget_type=\"heading.default\">\n\t\t\t\t<div class=\"elementor-widget-container\">\n\t\t\t\t\t<h2 class=\"elementor-heading-title elementor-size-default\">Novedad en primicia: Perseo Light<\/h2>\t\t\t\t<\/div>\n\t\t\t\t<\/div>\n\t\t\t\t\t<\/div>\n\t\t\t\t<\/div>\n\t\t<div class=\"elementor-element elementor-element-22893dc e-flex e-con-boxed e-con e-parent\" data-id=\"22893dc\" data-element_type=\"container\" data-e-type=\"container\">\n\t\t\t\t\t<div class=\"e-con-inner\">\n\t\t\t\t<div class=\"elementor-element elementor-element-cb2c371 elementor-widget elementor-widget-text-editor\" data-id=\"cb2c371\" data-element_type=\"widget\" data-e-type=\"widget\" data-widget_type=\"text-editor.default\">\n\t\t\t\t<div class=\"elementor-widget-container\">\n\t\t\t\t\t\t\t\t\t<p><a href=\"https:\/\/magazzinoperseo.it\/es\/productos\/perseo-light\/\"><span style=\"text-decoration: underline;\"><strong>Perseo Light<\/strong><\/span><\/a> ser\u00e1 presentado en primicia en la feria Simac Tanning Tech 2026.<\/p><p>Este nuevo almac\u00e9n autom\u00e1tico compacto ha sido dise\u00f1ado para organizar y almacenar de forma eficiente los peque\u00f1os componentes utilizados a diario en el taller.<\/p><p>Una soluci\u00f3n pensada para las empresas que necesitan <strong>mantener los materiales y peque\u00f1os accesorios ordenados, f\u00e1cilmente accesibles y con un control preciso de las existencias<\/strong>, optimizando al mismo tiempo el espacio disponible en el \u00e1rea de trabajo.<\/p><p>Algunos <strong>ejemplos<\/strong> de art\u00edculos almacenados en Perseo Light son:<\/p><ul><li><strong>conos y bobinas de hilo;<\/strong><\/li><li><strong>botellas de tintes para bordes;<\/strong><\/li><li><strong>peque\u00f1os componentes met\u00e1licos;<\/strong><\/li><li>otros <strong>materiales de peque\u00f1as dimensiones<\/strong> utilizados en el taller.<\/li><\/ul>\t\t\t\t\t\t\t\t<\/div>\n\t\t\t\t<\/div>\n\t\t\t\t\t<\/div>\n\t\t\t\t<\/div>\n\t\t<div class=\"elementor-element elementor-element-64b211d e-flex e-con-boxed e-con e-parent\" data-id=\"64b211d\" data-element_type=\"container\" data-e-type=\"container\">\n\t\t\t\t\t<div class=\"e-con-inner\">\n\t\t\t\t<div class=\"elementor-element elementor-element-11ab9d1 elementor-widget elementor-widget-image\" data-id=\"11ab9d1\" data-element_type=\"widget\" data-e-type=\"widget\" data-widget_type=\"image.default\">\n\t\t\t\t<div class=\"elementor-widget-container\">\n\t\t\t\t\t\t\t\t\t\t\t\t\t\t\t<img decoding=\"async\" width=\"800\" height=\"534\" src=\"https:\/\/magazzinoperseo.it\/wp-content\/uploads\/2026\/09\/perseo-light-almacen-compacto-para-el-taller-1024x683.jpg\" class=\"attachment-large size-large wp-image-8555\" alt=\"perseo-light-almacen-compacto-para-el-taller\" srcset=\"https:\/\/magazzinoperseo.it\/wp-content\/uploads\/2026\/09\/perseo-light-almacen-compacto-para-el-taller-1024x683.jpg 1024w, https:\/\/magazzinoperseo.it\/wp-content\/uploads\/2026\/09\/perseo-light-almacen-compacto-para-el-taller-300x200.jpg 300w, https:\/\/magazzinoperseo.it\/wp-content\/uploads\/2026\/09\/perseo-light-almacen-compacto-para-el-taller-768x512.jpg 768w, https:\/\/magazzinoperseo.it\/wp-content\/uploads\/2026\/09\/perseo-light-almacen-compacto-para-el-taller-24x16.jpg 24w, https:\/\/magazzinoperseo.it\/wp-content\/uploads\/2026\/09\/perseo-light-almacen-compacto-para-el-taller-36x24.jpg 36w, https:\/\/magazzinoperseo.it\/wp-content\/uploads\/2026\/09\/perseo-light-almacen-compacto-para-el-taller-48x32.jpg 48w, https:\/\/magazzinoperseo.it\/wp-content\/uploads\/2026\/09\/perseo-light-almacen-compacto-para-el-taller.jpg 1500w\" sizes=\"(max-width: 800px) 100vw, 800px\" \/>\t\t\t\t\t\t\t\t\t\t\t\t\t\t\t<\/div>\n\t\t\t\t<\/div>\n\t\t\t\t\t<\/div>\n\t\t\t\t<\/div>\n\t\t<div class=\"elementor-element elementor-element-b84c7cf e-flex e-con-boxed e-con e-parent\" data-id=\"b84c7cf\" data-element_type=\"container\" data-e-type=\"container\">\n\t\t\t\t\t<div class=\"e-con-inner\">\n\t\t\t\t<div class=\"elementor-element elementor-element-d4014d0 elementor-widget elementor-widget-text-editor\" data-id=\"d4014d0\" data-element_type=\"widget\" data-e-type=\"widget\" data-widget_type=\"text-editor.default\">\n\t\t\t\t<div class=\"elementor-widget-container\">\n\t\t\t\t\t\t\t\t\t<p>Las <strong>bandejas<\/strong> instaladas en el interior del almac\u00e9n tienen unas dimensiones fijas, pero su <strong>configuraci\u00f3n puede personalizarse<\/strong> en funci\u00f3n de los art\u00edculos que se vayan a almacenar, utilizando bandejas de pl\u00e1stico, separadores o soportes espec\u00edficos.<\/p><p>El almac\u00e9n Perseo Light permite almacenar todos estos art\u00edculos en su interior, protegi\u00e9ndolos de la luz y el polvo, manteni\u00e9ndolos ordenados y permitiendo controlar en todo momento las existencias.<\/p>\t\t\t\t\t\t\t\t<\/div>\n\t\t\t\t<\/div>\n\t\t\t\t\t<\/div>\n\t\t\t\t<\/div>\n\t\t<div class=\"elementor-element elementor-element-d5a0c89 elementor-hidden-mobile e-flex e-con-boxed e-con e-parent\" data-id=\"d5a0c89\" data-element_type=\"container\" data-e-type=\"container\">\n\t\t\t\t\t<div class=\"e-con-inner\">\n\t\t<div class=\"elementor-element elementor-element-0b6a958 e-con-full e-flex e-con e-child\" data-id=\"0b6a958\" data-element_type=\"container\" data-e-type=\"container\">\n\t\t\t\t<div class=\"elementor-element elementor-element-34040fc elementor-widget elementor-widget-image\" data-id=\"34040fc\" data-element_type=\"widget\" data-e-type=\"widget\" data-widget_type=\"image.default\">\n\t\t\t\t<div class=\"elementor-widget-container\">\n\t\t\t\t\t\t\t\t\t\t\t\t\t\t\t<img decoding=\"async\" width=\"800\" height=\"534\" src=\"https:\/\/magazzinoperseo.it\/wp-content\/uploads\/2026\/09\/bandeja-almacen-automatico-para-conos-y-bobinas-hilo-1024x683.jpg\" class=\"attachment-large size-large wp-image-8560\" alt=\"bandeja-almacen-automatico-para-conos-y-bobinas-hilo\" srcset=\"https:\/\/magazzinoperseo.it\/wp-content\/uploads\/2026\/09\/bandeja-almacen-automatico-para-conos-y-bobinas-hilo-1024x683.jpg 1024w, https:\/\/magazzinoperseo.it\/wp-content\/uploads\/2026\/09\/bandeja-almacen-automatico-para-conos-y-bobinas-hilo-300x200.jpg 300w, https:\/\/magazzinoperseo.it\/wp-content\/uploads\/2026\/09\/bandeja-almacen-automatico-para-conos-y-bobinas-hilo-768x512.jpg 768w, https:\/\/magazzinoperseo.it\/wp-content\/uploads\/2026\/09\/bandeja-almacen-automatico-para-conos-y-bobinas-hilo-24x16.jpg 24w, https:\/\/magazzinoperseo.it\/wp-content\/uploads\/2026\/09\/bandeja-almacen-automatico-para-conos-y-bobinas-hilo-36x24.jpg 36w, https:\/\/magazzinoperseo.it\/wp-content\/uploads\/2026\/09\/bandeja-almacen-automatico-para-conos-y-bobinas-hilo-48x32.jpg 48w, https:\/\/magazzinoperseo.it\/wp-content\/uploads\/2026\/09\/bandeja-almacen-automatico-para-conos-y-bobinas-hilo.jpg 1500w\" sizes=\"(max-width: 800px) 100vw, 800px\" \/>\t\t\t\t\t\t\t\t\t\t\t\t\t\t\t<\/div>\n\t\t\t\t<\/div>\n\t\t\t\t<\/div>\n\t\t<div class=\"elementor-element elementor-element-c563d12 e-con-full e-flex e-con e-child\" data-id=\"c563d12\" data-element_type=\"container\" data-e-type=\"container\">\n\t\t\t\t<div class=\"elementor-element elementor-element-2f27619 elementor-widget elementor-widget-image\" data-id=\"2f27619\" data-element_type=\"widget\" data-e-type=\"widget\" data-widget_type=\"image.default\">\n\t\t\t\t<div class=\"elementor-widget-container\">\n\t\t\t\t\t\t\t\t\t\t\t\t\t\t\t<img loading=\"lazy\" decoding=\"async\" width=\"800\" height=\"534\" src=\"https:\/\/magazzinoperseo.it\/wp-content\/uploads\/2026\/09\/bandeja-almacen-automatico-caja-para-pequenas-piezas-metalicas-1024x683.jpg\" class=\"attachment-large size-large wp-image-8564\" alt=\"bandeja-almacen-automatico-caja-para-pequenas-piezas-metalicas\" srcset=\"https:\/\/magazzinoperseo.it\/wp-content\/uploads\/2026\/09\/bandeja-almacen-automatico-caja-para-pequenas-piezas-metalicas-1024x683.jpg 1024w, https:\/\/magazzinoperseo.it\/wp-content\/uploads\/2026\/09\/bandeja-almacen-automatico-caja-para-pequenas-piezas-metalicas-300x200.jpg 300w, https:\/\/magazzinoperseo.it\/wp-content\/uploads\/2026\/09\/bandeja-almacen-automatico-caja-para-pequenas-piezas-metalicas-768x512.jpg 768w, https:\/\/magazzinoperseo.it\/wp-content\/uploads\/2026\/09\/bandeja-almacen-automatico-caja-para-pequenas-piezas-metalicas-24x16.jpg 24w, https:\/\/magazzinoperseo.it\/wp-content\/uploads\/2026\/09\/bandeja-almacen-automatico-caja-para-pequenas-piezas-metalicas-36x24.jpg 36w, https:\/\/magazzinoperseo.it\/wp-content\/uploads\/2026\/09\/bandeja-almacen-automatico-caja-para-pequenas-piezas-metalicas-48x32.jpg 48w, https:\/\/magazzinoperseo.it\/wp-content\/uploads\/2026\/09\/bandeja-almacen-automatico-caja-para-pequenas-piezas-metalicas.jpg 1500w\" sizes=\"(max-width: 800px) 100vw, 800px\" \/>\t\t\t\t\t\t\t\t\t\t\t\t\t\t\t<\/div>\n\t\t\t\t<\/div>\n\t\t\t\t<\/div>\n\t\t\t\t\t<\/div>\n\t\t\t\t<\/div>\n\t\t<div class=\"elementor-element elementor-element-ab7dad6 elementor-hidden-mobile e-flex e-con-boxed e-con e-parent\" data-id=\"ab7dad6\" data-element_type=\"container\" data-e-type=\"container\">\n\t\t\t\t\t<div class=\"e-con-inner\">\n\t\t\t\t<div class=\"elementor-element elementor-element-3f61291 elementor-widget elementor-widget-image\" data-id=\"3f61291\" data-element_type=\"widget\" data-e-type=\"widget\" data-widget_type=\"image.default\">\n\t\t\t\t<div class=\"elementor-widget-container\">\n\t\t\t\t\t\t\t\t\t\t\t\t\t\t\t<img loading=\"lazy\" decoding=\"async\" width=\"800\" height=\"534\" src=\"https:\/\/magazzinoperseo.it\/wp-content\/uploads\/2026\/09\/bandeja-almacen-automatico-para-botellas-de-tintes-1024x683.jpg\" class=\"attachment-large size-large wp-image-8568\" alt=\"bandeja-almacen-automatico-para-botellas-de-tintes\" srcset=\"https:\/\/magazzinoperseo.it\/wp-content\/uploads\/2026\/09\/bandeja-almacen-automatico-para-botellas-de-tintes-1024x683.jpg 1024w, https:\/\/magazzinoperseo.it\/wp-content\/uploads\/2026\/09\/bandeja-almacen-automatico-para-botellas-de-tintes-300x200.jpg 300w, https:\/\/magazzinoperseo.it\/wp-content\/uploads\/2026\/09\/bandeja-almacen-automatico-para-botellas-de-tintes-768x512.jpg 768w, https:\/\/magazzinoperseo.it\/wp-content\/uploads\/2026\/09\/bandeja-almacen-automatico-para-botellas-de-tintes-24x16.jpg 24w, https:\/\/magazzinoperseo.it\/wp-content\/uploads\/2026\/09\/bandeja-almacen-automatico-para-botellas-de-tintes-36x24.jpg 36w, https:\/\/magazzinoperseo.it\/wp-content\/uploads\/2026\/09\/bandeja-almacen-automatico-para-botellas-de-tintes-48x32.jpg 48w, https:\/\/magazzinoperseo.it\/wp-content\/uploads\/2026\/09\/bandeja-almacen-automatico-para-botellas-de-tintes.jpg 1500w\" sizes=\"(max-width: 800px) 100vw, 800px\" \/>\t\t\t\t\t\t\t\t\t\t\t\t\t\t\t<\/div>\n\t\t\t\t<\/div>\n\t\t\t\t\t<\/div>\n\t\t\t\t<\/div>\n\t\t<div class=\"elementor-element elementor-element-f81eabd elementor-hidden-desktop elementor-hidden-tablet e-flex e-con-boxed e-con e-parent\" data-id=\"f81eabd\" data-element_type=\"container\" data-e-type=\"container\">\n\t\t\t\t\t<div class=\"e-con-inner\">\n\t\t<div class=\"elementor-element elementor-element-2379b60 e-con-full e-flex e-con e-child\" data-id=\"2379b60\" data-element_type=\"container\" data-e-type=\"container\">\n\t\t\t\t<div class=\"elementor-element elementor-element-993571e elementor-widget elementor-widget-image\" data-id=\"993571e\" data-element_type=\"widget\" data-e-type=\"widget\" data-widget_type=\"image.default\">\n\t\t\t\t<div class=\"elementor-widget-container\">\n\t\t\t\t\t\t\t\t\t\t\t\t\t\t\t<img decoding=\"async\" width=\"800\" height=\"534\" src=\"https:\/\/magazzinoperseo.it\/wp-content\/uploads\/2026\/09\/bandeja-almacen-automatico-para-conos-y-bobinas-hilo-1024x683.jpg\" class=\"attachment-large size-large wp-image-8560\" alt=\"bandeja-almacen-automatico-para-conos-y-bobinas-hilo\" srcset=\"https:\/\/magazzinoperseo.it\/wp-content\/uploads\/2026\/09\/bandeja-almacen-automatico-para-conos-y-bobinas-hilo-1024x683.jpg 1024w, https:\/\/magazzinoperseo.it\/wp-content\/uploads\/2026\/09\/bandeja-almacen-automatico-para-conos-y-bobinas-hilo-300x200.jpg 300w, https:\/\/magazzinoperseo.it\/wp-content\/uploads\/2026\/09\/bandeja-almacen-automatico-para-conos-y-bobinas-hilo-768x512.jpg 768w, https:\/\/magazzinoperseo.it\/wp-content\/uploads\/2026\/09\/bandeja-almacen-automatico-para-conos-y-bobinas-hilo-24x16.jpg 24w, https:\/\/magazzinoperseo.it\/wp-content\/uploads\/2026\/09\/bandeja-almacen-automatico-para-conos-y-bobinas-hilo-36x24.jpg 36w, https:\/\/magazzinoperseo.it\/wp-content\/uploads\/2026\/09\/bandeja-almacen-automatico-para-conos-y-bobinas-hilo-48x32.jpg 48w, https:\/\/magazzinoperseo.it\/wp-content\/uploads\/2026\/09\/bandeja-almacen-automatico-para-conos-y-bobinas-hilo.jpg 1500w\" sizes=\"(max-width: 800px) 100vw, 800px\" \/>\t\t\t\t\t\t\t\t\t\t\t\t\t\t\t<\/div>\n\t\t\t\t<\/div>\n\t\t\t\t<\/div>\n\t\t<div class=\"elementor-element elementor-element-f7d119e e-con-full e-flex e-con e-child\" data-id=\"f7d119e\" data-element_type=\"container\" data-e-type=\"container\">\n\t\t\t\t<div class=\"elementor-element elementor-element-1ebf743 elementor-widget elementor-widget-image\" data-id=\"1ebf743\" data-element_type=\"widget\" data-e-type=\"widget\" data-widget_type=\"image.default\">\n\t\t\t\t<div class=\"elementor-widget-container\">\n\t\t\t\t\t\t\t\t\t\t\t\t\t\t\t<img loading=\"lazy\" decoding=\"async\" width=\"800\" height=\"534\" src=\"https:\/\/magazzinoperseo.it\/wp-content\/uploads\/2026\/09\/bandeja-almacen-automatico-caja-para-pequenas-piezas-metalicas-1024x683.jpg\" class=\"attachment-large size-large wp-image-8564\" alt=\"bandeja-almacen-automatico-caja-para-pequenas-piezas-metalicas\" srcset=\"https:\/\/magazzinoperseo.it\/wp-content\/uploads\/2026\/09\/bandeja-almacen-automatico-caja-para-pequenas-piezas-metalicas-1024x683.jpg 1024w, https:\/\/magazzinoperseo.it\/wp-content\/uploads\/2026\/09\/bandeja-almacen-automatico-caja-para-pequenas-piezas-metalicas-300x200.jpg 300w, https:\/\/magazzinoperseo.it\/wp-content\/uploads\/2026\/09\/bandeja-almacen-automatico-caja-para-pequenas-piezas-metalicas-768x512.jpg 768w, https:\/\/magazzinoperseo.it\/wp-content\/uploads\/2026\/09\/bandeja-almacen-automatico-caja-para-pequenas-piezas-metalicas-24x16.jpg 24w, https:\/\/magazzinoperseo.it\/wp-content\/uploads\/2026\/09\/bandeja-almacen-automatico-caja-para-pequenas-piezas-metalicas-36x24.jpg 36w, https:\/\/magazzinoperseo.it\/wp-content\/uploads\/2026\/09\/bandeja-almacen-automatico-caja-para-pequenas-piezas-metalicas-48x32.jpg 48w, https:\/\/magazzinoperseo.it\/wp-content\/uploads\/2026\/09\/bandeja-almacen-automatico-caja-para-pequenas-piezas-metalicas.jpg 1500w\" sizes=\"(max-width: 800px) 100vw, 800px\" \/>\t\t\t\t\t\t\t\t\t\t\t\t\t\t\t<\/div>\n\t\t\t\t<\/div>\n\t\t\t\t<\/div>\n\t\t<div class=\"elementor-element elementor-element-dd5c20b e-con-full e-flex e-con e-child\" data-id=\"dd5c20b\" data-element_type=\"container\" data-e-type=\"container\">\n\t\t\t\t<div class=\"elementor-element elementor-element-eb36b40 elementor-widget elementor-widget-image\" data-id=\"eb36b40\" data-element_type=\"widget\" data-e-type=\"widget\" data-widget_type=\"image.default\">\n\t\t\t\t<div class=\"elementor-widget-container\">\n\t\t\t\t\t\t\t\t\t\t\t\t\t\t\t<img loading=\"lazy\" decoding=\"async\" width=\"800\" height=\"534\" src=\"https:\/\/magazzinoperseo.it\/wp-content\/uploads\/2026\/09\/bandeja-almacen-automatico-para-botellas-de-tintes-1024x683.jpg\" class=\"attachment-large size-large wp-image-8568\" alt=\"bandeja-almacen-automatico-para-botellas-de-tintes\" srcset=\"https:\/\/magazzinoperseo.it\/wp-content\/uploads\/2026\/09\/bandeja-almacen-automatico-para-botellas-de-tintes-1024x683.jpg 1024w, https:\/\/magazzinoperseo.it\/wp-content\/uploads\/2026\/09\/bandeja-almacen-automatico-para-botellas-de-tintes-300x200.jpg 300w, https:\/\/magazzinoperseo.it\/wp-content\/uploads\/2026\/09\/bandeja-almacen-automatico-para-botellas-de-tintes-768x512.jpg 768w, https:\/\/magazzinoperseo.it\/wp-content\/uploads\/2026\/09\/bandeja-almacen-automatico-para-botellas-de-tintes-24x16.jpg 24w, https:\/\/magazzinoperseo.it\/wp-content\/uploads\/2026\/09\/bandeja-almacen-automatico-para-botellas-de-tintes-36x24.jpg 36w, https:\/\/magazzinoperseo.it\/wp-content\/uploads\/2026\/09\/bandeja-almacen-automatico-para-botellas-de-tintes-48x32.jpg 48w, https:\/\/magazzinoperseo.it\/wp-content\/uploads\/2026\/09\/bandeja-almacen-automatico-para-botellas-de-tintes.jpg 1500w\" sizes=\"(max-width: 800px) 100vw, 800px\" \/>\t\t\t\t\t\t\t\t\t\t\t\t\t\t\t<\/div>\n\t\t\t\t<\/div>\n\t\t\t\t<\/div>\n\t\t\t\t\t<\/div>\n\t\t\t\t<\/div>\n\t\t<div class=\"elementor-element elementor-element-52e7811 e-flex e-con-boxed e-con e-parent\" data-id=\"52e7811\" data-element_type=\"container\" data-e-type=\"container\">\n\t\t\t\t\t<div class=\"e-con-inner\">\n\t\t\t\t<div class=\"elementor-element elementor-element-40ba832 elementor-widget elementor-widget-text-editor\" data-id=\"40ba832\" data-element_type=\"widget\" data-e-type=\"widget\" data-widget_type=\"text-editor.default\">\n\t\t\t\t<div class=\"elementor-widget-container\">\n\t\t\t\t\t\t\t\t\t<p>Una soluci\u00f3n especialmente interesante para las empresas que desean <strong>optimizar el almac\u00e9n, reduciendo los tiempos de b\u00fasqueda y preparaci\u00f3n de los art\u00edculos<\/strong>.<\/p><p>En nuestro stand de la feria <strong>Simac Tanning Tech 2026<\/strong> podr\u00e1s ver <strong>Perseo Light<\/strong> en funcionamiento y descubrir c\u00f3mo puede integrarse en tu \u00e1rea de trabajo para simplificar la gesti\u00f3n diaria de los materiales.<\/p>\t\t\t\t\t\t\t\t<\/div>\n\t\t\t\t<\/div>\n\t\t\t\t\t<\/div>\n\t\t\t\t<\/div>\n\t\t<div class=\"elementor-element elementor-element-627fc62 e-flex e-con-boxed e-con e-parent\" data-id=\"627fc62\" data-element_type=\"container\" data-e-type=\"container\">\n\t\t\t\t\t<div class=\"e-con-inner\">\n\t\t\t\t<div class=\"elementor-element elementor-element-3f87177 elementor-widget elementor-widget-heading\" data-id=\"3f87177\" data-element_type=\"widget\" data-e-type=\"widget\" data-widget_type=\"heading.default\">\n\t\t\t\t<div class=\"elementor-widget-container\">\n\t\t\t\t\t<h2 class=\"elementor-heading-title elementor-size-default\">Soluciones Perseo para una log\u00edstica m\u00e1s eficiente<\/h2>\t\t\t\t<\/div>\n\t\t\t\t<\/div>\n\t\t\t\t\t<\/div>\n\t\t\t\t<\/div>\n\t\t<div class=\"elementor-element elementor-element-d235c41 e-flex e-con-boxed e-con e-parent\" data-id=\"d235c41\" data-element_type=\"container\" data-e-type=\"container\">\n\t\t\t\t\t<div class=\"e-con-inner\">\n\t\t\t\t<div class=\"elementor-element elementor-element-8b83d09 elementor-widget elementor-widget-text-editor\" data-id=\"8b83d09\" data-element_type=\"widget\" data-e-type=\"widget\" data-widget_type=\"text-editor.default\">\n\t\t\t\t<div class=\"elementor-widget-container\">\n\t\t\t\t\t\t\t\t\t<p>La participaci\u00f3n en <strong>Simac Tanning Tech 2026<\/strong> tambi\u00e9n ser\u00e1 una oportunidad para conocer m\u00e1s a fondo el mundo de las soluciones de <strong>Perseo Customized Automatic Systems<\/strong>.<\/p><p>Nuestro objetivo es desarrollar sistemas personalizados en funci\u00f3n de las necesidades de cada cliente.<\/p><p>Desde almacenes autom\u00e1ticos hasta sistemas de intralog\u00edstica, las soluciones Perseo est\u00e1n dise\u00f1adas para ayudar a las empresas a:<\/p><ul><li>optimizar el espacio disponible;<\/li><li>organizar los materiales de forma m\u00e1s eficiente;<\/li><li>agilizar las operaciones de preparaci\u00f3n y manipulaci\u00f3n;<\/li><li>reducir los desplazamientos innecesarios de los operarios;<\/li><li>mejorar la gesti\u00f3n de las existencias;<\/li><li>hacer que las \u00e1reas de producci\u00f3n sean m\u00e1s ordenadas y funcionales.<\/li><\/ul><p>Durante la feria, podr\u00e1s hablar directamente con nuestro equipo para descubrir qu\u00e9 soluci\u00f3n puede adaptarse mejor a las necesidades de tu empresa.<\/p>\t\t\t\t\t\t\t\t<\/div>\n\t\t\t\t<\/div>\n\t\t\t\t\t<\/div>\n\t\t\t\t<\/div>\n\t\t<div class=\"elementor-element elementor-element-a785a2e e-flex e-con-boxed e-con e-parent\" data-id=\"a785a2e\" data-element_type=\"container\" data-e-type=\"container\">\n\t\t\t\t\t<div class=\"e-con-inner\">\n\t\t<div class=\"elementor-element elementor-element-499938d e-con-full e-flex e-con e-child\" data-id=\"499938d\" data-element_type=\"container\" data-e-type=\"container\">\n\t\t\t\t<div class=\"elementor-element elementor-element-35ece5c elementor-widget elementor-widget-image\" data-id=\"35ece5c\" data-element_type=\"widget\" data-e-type=\"widget\" data-widget_type=\"image.default\">\n\t\t\t\t<div class=\"elementor-widget-container\">\n\t\t\t\t\t\t\t\t\t\t\t\t\t\t\t<img loading=\"lazy\" decoding=\"async\" width=\"800\" height=\"534\" src=\"https:\/\/magazzinoperseo.it\/wp-content\/uploads\/2026\/09\/almacen-automatico-moldes-Perseo-Matrix-1024x683.jpg\" class=\"attachment-large size-large wp-image-8572\" alt=\"\" srcset=\"https:\/\/magazzinoperseo.it\/wp-content\/uploads\/2026\/09\/almacen-automatico-moldes-Perseo-Matrix-1024x683.jpg 1024w, https:\/\/magazzinoperseo.it\/wp-content\/uploads\/2026\/09\/almacen-automatico-moldes-Perseo-Matrix-300x200.jpg 300w, https:\/\/magazzinoperseo.it\/wp-content\/uploads\/2026\/09\/almacen-automatico-moldes-Perseo-Matrix-768x512.jpg 768w, https:\/\/magazzinoperseo.it\/wp-content\/uploads\/2026\/09\/almacen-automatico-moldes-Perseo-Matrix-24x16.jpg 24w, https:\/\/magazzinoperseo.it\/wp-content\/uploads\/2026\/09\/almacen-automatico-moldes-Perseo-Matrix-36x24.jpg 36w, https:\/\/magazzinoperseo.it\/wp-content\/uploads\/2026\/09\/almacen-automatico-moldes-Perseo-Matrix-48x32.jpg 48w, https:\/\/magazzinoperseo.it\/wp-content\/uploads\/2026\/09\/almacen-automatico-moldes-Perseo-Matrix.jpg 1500w\" sizes=\"(max-width: 800px) 100vw, 800px\" \/>\t\t\t\t\t\t\t\t\t\t\t\t\t\t\t<\/div>\n\t\t\t\t<\/div>\n\t\t\t\t<\/div>\n\t\t<div class=\"elementor-element elementor-element-374843c e-con-full e-flex e-con e-child\" data-id=\"374843c\" data-element_type=\"container\" data-e-type=\"container\">\n\t\t\t\t<div class=\"elementor-element elementor-element-1e4899b elementor-widget elementor-widget-image\" data-id=\"1e4899b\" data-element_type=\"widget\" data-e-type=\"widget\" data-widget_type=\"image.default\">\n\t\t\t\t<div class=\"elementor-widget-container\">\n\t\t\t\t\t\t\t\t\t\t\t\t\t\t\t<img loading=\"lazy\" decoding=\"async\" width=\"800\" height=\"534\" src=\"https:\/\/magazzinoperseo.it\/wp-content\/uploads\/2026\/09\/sistema-logistico-rollos-tejido-Perseo-Handling-1024x683.jpg\" class=\"attachment-large size-large wp-image-8576\" alt=\"\" srcset=\"https:\/\/magazzinoperseo.it\/wp-content\/uploads\/2026\/09\/sistema-logistico-rollos-tejido-Perseo-Handling-1024x683.jpg 1024w, https:\/\/magazzinoperseo.it\/wp-content\/uploads\/2026\/09\/sistema-logistico-rollos-tejido-Perseo-Handling-300x200.jpg 300w, https:\/\/magazzinoperseo.it\/wp-content\/uploads\/2026\/09\/sistema-logistico-rollos-tejido-Perseo-Handling-768x512.jpg 768w, https:\/\/magazzinoperseo.it\/wp-content\/uploads\/2026\/09\/sistema-logistico-rollos-tejido-Perseo-Handling-24x16.jpg 24w, https:\/\/magazzinoperseo.it\/wp-content\/uploads\/2026\/09\/sistema-logistico-rollos-tejido-Perseo-Handling-36x24.jpg 36w, https:\/\/magazzinoperseo.it\/wp-content\/uploads\/2026\/09\/sistema-logistico-rollos-tejido-Perseo-Handling-48x32.jpg 48w, https:\/\/magazzinoperseo.it\/wp-content\/uploads\/2026\/09\/sistema-logistico-rollos-tejido-Perseo-Handling.jpg 1500w\" sizes=\"(max-width: 800px) 100vw, 800px\" \/>\t\t\t\t\t\t\t\t\t\t\t\t\t\t\t<\/div>\n\t\t\t\t<\/div>\n\t\t\t\t<\/div>\n\t\t\t\t\t<\/div>\n\t\t\t\t<\/div>\n\t\t<div class=\"elementor-element elementor-element-464c09a e-flex e-con-boxed e-con e-parent\" data-id=\"464c09a\" data-element_type=\"container\" data-e-type=\"container\">\n\t\t\t\t\t<div class=\"e-con-inner\">\n\t\t\t\t<div class=\"elementor-element elementor-element-f67674c elementor-widget elementor-widget-heading\" data-id=\"f67674c\" data-element_type=\"widget\" data-e-type=\"widget\" data-widget_type=\"heading.default\">\n\t\t\t\t<div class=\"elementor-widget-container\">\n\t\t\t\t\t<h2 class=\"elementor-heading-title elementor-size-default\">Detalles de la feria Simac Tanning Tech 2026<\/h2>\t\t\t\t<\/div>\n\t\t\t\t<\/div>\n\t\t\t\t\t<\/div>\n\t\t\t\t<\/div>\n\t\t<div class=\"elementor-element elementor-element-7361504 e-flex e-con-boxed e-con e-parent\" data-id=\"7361504\" data-element_type=\"container\" data-e-type=\"container\">\n\t\t\t\t\t<div class=\"e-con-inner\">\n\t\t<div class=\"elementor-element elementor-element-1b62ce2 e-con-full e-flex e-con e-child\" data-id=\"1b62ce2\" data-element_type=\"container\" data-e-type=\"container\">\n\t\t\t\t<div class=\"elementor-element elementor-element-536b9c8 elementor-widget elementor-widget-text-editor\" data-id=\"536b9c8\" data-element_type=\"widget\" data-e-type=\"widget\" data-widget_type=\"text-editor.default\">\n\t\t\t\t<div class=\"elementor-widget-container\">\n\t\t\t\t\t\t\t\t\t<p><strong>Lugar<\/strong>: Fiera Milano Rho<\/p><p><strong>Ubicaci\u00f3n<\/strong>: Pabell\u00f3n 14 \u2013 Stand D12<\/p><p><strong>Nombre<\/strong>: Perseo Customized Automatic Systems<\/p><p><strong>Horario de apertura<\/strong>:<\/p><ul><li><strong>Martes 15 de septiembre<\/strong>: de 09:00 a 18:30<\/li><li><strong>Mi\u00e9rcoles 16 de septiembre<\/strong>: de 09:00 a 18:30<\/li><li><strong>Jueves 17 de septiembre<\/strong>: de 09:00 a 17:00<\/li><\/ul>\t\t\t\t\t\t\t\t<\/div>\n\t\t\t\t<\/div>\n\t\t\t\t<\/div>\n\t\t<div class=\"elementor-element elementor-element-bae6c82 e-con-full e-flex e-con e-child\" data-id=\"bae6c82\" data-element_type=\"container\" data-e-type=\"container\">\n\t\t\t\t<div class=\"elementor-element elementor-element-c4136d3 elementor-widget elementor-widget-image\" data-id=\"c4136d3\" data-element_type=\"widget\" data-e-type=\"widget\" data-widget_type=\"image.default\">\n\t\t\t\t<div class=\"elementor-widget-container\">\n\t\t\t\t\t\t\t\t\t\t\t\t\t\t\t\t<a href=\"https:\/\/magazzinoperseo.it\/wp-content\/uploads\/2026\/09\/mapa-abc-meets-perseo-simac-tanning-tech-2026.jpg\" data-elementor-open-lightbox=\"yes\" data-elementor-lightbox-title=\"mapa-abc-meets-perseo-simac-tanning-tech-2026\" data-e-action-hash=\"#elementor-action%3Aaction%3Dlightbox%26settings%3DeyJpZCI6ODU4MCwidXJsIjoiaHR0cHM6XC9cL21hZ2F6emlub3BlcnNlby5pdFwvd3AtY29udGVudFwvdXBsb2Fkc1wvMjAyNlwvMDlcL21hcGEtYWJjLW1lZXRzLXBlcnNlby1zaW1hYy10YW5uaW5nLXRlY2gtMjAyNi5qcGcifQ%3D%3D\">\n\t\t\t\t\t\t\t<img loading=\"lazy\" decoding=\"async\" width=\"800\" height=\"534\" src=\"https:\/\/magazzinoperseo.it\/wp-content\/uploads\/2026\/09\/mapa-abc-meets-perseo-simac-tanning-tech-2026-1024x683.jpg\" class=\"attachment-large size-large wp-image-8580\" alt=\"mapa-abc-meets-perseo-simac-tanning-tech-2026\" srcset=\"https:\/\/magazzinoperseo.it\/wp-content\/uploads\/2026\/09\/mapa-abc-meets-perseo-simac-tanning-tech-2026-1024x683.jpg 1024w, https:\/\/magazzinoperseo.it\/wp-content\/uploads\/2026\/09\/mapa-abc-meets-perseo-simac-tanning-tech-2026-300x200.jpg 300w, https:\/\/magazzinoperseo.it\/wp-content\/uploads\/2026\/09\/mapa-abc-meets-perseo-simac-tanning-tech-2026-768x512.jpg 768w, https:\/\/magazzinoperseo.it\/wp-content\/uploads\/2026\/09\/mapa-abc-meets-perseo-simac-tanning-tech-2026-24x16.jpg 24w, https:\/\/magazzinoperseo.it\/wp-content\/uploads\/2026\/09\/mapa-abc-meets-perseo-simac-tanning-tech-2026-36x24.jpg 36w, https:\/\/magazzinoperseo.it\/wp-content\/uploads\/2026\/09\/mapa-abc-meets-perseo-simac-tanning-tech-2026-48x32.jpg 48w, https:\/\/magazzinoperseo.it\/wp-content\/uploads\/2026\/09\/mapa-abc-meets-perseo-simac-tanning-tech-2026.jpg 1500w\" sizes=\"(max-width: 800px) 100vw, 800px\" \/>\t\t\t\t\t\t\t\t<\/a>\n\t\t\t\t\t\t\t\t\t\t\t\t\t\t\t<\/div>\n\t\t\t\t<\/div>\n\t\t\t\t<\/div>\n\t\t\t\t\t<\/div>\n\t\t\t\t<\/div>\n\t\t<div class=\"elementor-element elementor-element-14d4d81 e-flex e-con-boxed e-con e-parent\" data-id=\"14d4d81\" data-element_type=\"container\" data-e-type=\"container\">\n\t\t\t\t\t<div class=\"e-con-inner\">\n\t\t\t\t<div class=\"elementor-element elementor-element-19f0c54 elementor-widget elementor-widget-heading\" data-id=\"19f0c54\" data-element_type=\"widget\" data-e-type=\"widget\" data-widget_type=\"heading.default\">\n\t\t\t\t<div class=\"elementor-widget-container\">\n\t\t\t\t\t<h2 class=\"elementor-heading-title elementor-size-default\">Ven a conocer Perseo Light en Simac Tanning Tech 2026<\/h2>\t\t\t\t<\/div>\n\t\t\t\t<\/div>\n\t\t\t\t\t<\/div>\n\t\t\t\t<\/div>\n\t\t<div class=\"elementor-element elementor-element-e0eaedb e-flex e-con-boxed e-con e-parent\" data-id=\"e0eaedb\" data-element_type=\"container\" data-e-type=\"container\">\n\t\t\t\t\t<div class=\"e-con-inner\">\n\t\t\t\t<div class=\"elementor-element elementor-element-a0d08e7 elementor-widget elementor-widget-text-editor\" data-id=\"a0d08e7\" data-element_type=\"widget\" data-e-type=\"widget\" data-widget_type=\"text-editor.default\">\n\t\t\t\t<div class=\"elementor-widget-container\">\n\t\t\t\t\t\t\t\t\t<p>Si est\u00e1s buscando una soluci\u00f3n para <strong>optimizar el espacio de tu taller y organizar de forma m\u00e1s eficiente componentes, peque\u00f1os accesorios y materiales de peque\u00f1as dimensiones<\/strong>, ven a descubrir <strong>Perseo Light<\/strong> en primicia en <strong>Simac Tanning Tech 2026<\/strong>.<\/p><p>Ser\u00e1 una oportunidad para conocer de cerca el nuevo almac\u00e9n compacto, descubrir sus caracter\u00edsticas y estudiar una soluci\u00f3n adaptada a las necesidades de tu empresa.<\/p><p>Reserva una cita en nuestro stand: llama al <strong>+39 0574 25723<\/strong> o escr\u00edbenos a <a href=\"mailto:info@magazzinoperseo.it\"><strong>info@magazzinoperseo.it<\/strong><\/a>.<\/p><p><strong>Te esperamos del 15 al 17 de septiembre de 2026 en Fiera Milano Rho, Pabell\u00f3n 14 \u2013 Stand D12<\/strong>.<br \/>\u00a1No te pierdas la demostraci\u00f3n de Perseo Light!<\/p>\t\t\t\t\t\t\t\t<\/div>\n\t\t\t\t<\/div>\n\t\t\t\t\t<\/div>\n\t\t\t\t<\/div>\n\t\t<div class=\"elementor-element elementor-element-4cde61c e-flex e-con-boxed e-con e-parent\" data-id=\"4cde61c\" data-element_type=\"container\" data-e-type=\"container\">\n\t\t\t\t\t<div class=\"e-con-inner\">\n\t\t\t\t<div class=\"elementor-element elementor-element-ab4a0f2 elementor-align-center elementor-widget elementor-widget-button\" data-id=\"ab4a0f2\" data-element_type=\"widget\" data-e-type=\"widget\" data-widget_type=\"button.default\">\n\t\t\t\t<div class=\"elementor-widget-container\">\n\t\t\t\t\t\t\t\t\t<div class=\"elementor-button-wrapper\">\n\t\t\t\t\t<a class=\"elementor-button elementor-button-link elementor-size-sm\" href=\"https:\/\/magazzinoperseo.it\/es\/contacto\/\">\n\t\t\t\t\t\t<span class=\"elementor-button-content-wrapper\">\n\t\t\t\t\t\t\t\t\t<span class=\"elementor-button-text\">Reserva una cita<\/span>\n\t\t\t\t\t<\/span>\n\t\t\t\t\t<\/a>\n\t\t\t\t<\/div>\n\t\t\t\t\t\t\t\t<\/div>\n\t\t\t\t<\/div>\n\t\t\t\t\t<\/div>\n\t\t\t\t<\/div>\n\t\t\t\t<\/div>\n\t\t","protected":false},"excerpt":{"rendered":"<p>Del 15 al 17 de septiembre de 2026 participaremos en la feria Simac Tanning Tech, el evento internacional de referencia para las tecnolog\u00edas y soluciones destinadas a los sectores del calzado, la marroquiner\u00eda y la industria&#8230;<br \/><a class=\"read-more\" style=\"text-decoration:underline;\" href=\"https:\/\/magazzinoperseo.it\/es\/eventos-y-ferias\/simac-tanning-tech-2026-descubre-perseo-light\/\">Leer m\u00e1s<\/a><\/p>\n","protected":false},"author":2,"featured_media":8482,"comment_status":"open","ping_status":"closed","sticky":false,"template":"","format":"standard","meta":{"_acf_changed":false,"footnotes":""},"categories":[37],"tags":[],"class_list":["post-8553","post","type-post","status-publish","format-standard","has-post-thumbnail","hentry","category-eventos-y-ferias"],"acf":[],"yoast_head":"<!-- This site is optimized with the Yoast SEO plugin v28.2 - https:\/\/yoast.com\/product\/yoast-seo-wordpress\/ -->\n<title>Simac Tanning Tech 2026: descubre Perseo Light - Perseo<\/title>\n<meta name=\"description\" content=\"Te esperamos en la feria Simac Tanning Tech, del 15 al 17 de septiembre de 2026 en Mil\u00e1n. Ven a descubrir Perseo Light, el almac\u00e9n autom\u00e1tico compacto.\" \/>\n<meta name=\"robots\" content=\"index, follow, max-snippet:-1, max-image-preview:large, max-video-preview:-1\" \/>\n<link rel=\"canonical\" href=\"https:\/\/magazzinoperseo.it\/es\/eventos-y-ferias\/simac-tanning-tech-2026-descubre-perseo-light\/\" \/>\n<meta property=\"og:locale\" content=\"es_ES\" \/>\n<meta property=\"og:type\" content=\"article\" \/>\n<meta property=\"og:title\" content=\"Simac Tanning Tech 2026: descubre Perseo Light - Perseo\" \/>\n<meta property=\"og:description\" content=\"Te esperamos en la feria Simac Tanning Tech, del 15 al 17 de septiembre de 2026 en Mil\u00e1n. Ven a descubrir Perseo Light, el almac\u00e9n autom\u00e1tico compacto.\" \/>\n<meta property=\"og:url\" content=\"https:\/\/magazzinoperseo.it\/es\/eventos-y-ferias\/simac-tanning-tech-2026-descubre-perseo-light\/\" \/>\n<meta property=\"og:site_name\" content=\"Perseo\" \/>\n<meta property=\"article:published_time\" content=\"2026-09-02T08:45:34+00:00\" \/>\n<meta property=\"article:modified_time\" content=\"2026-09-02T08:58:38+00:00\" \/>\n<meta property=\"og:image\" content=\"https:\/\/magazzinoperseo.it\/wp-content\/uploads\/2026\/09\/abc-meets-perseo-simac-tanning-tech-2026.png\" \/>\n\t<meta property=\"og:image:width\" content=\"1080\" \/>\n\t<meta property=\"og:image:height\" content=\"1080\" \/>\n\t<meta property=\"og:image:type\" content=\"image\/png\" \/>\n<meta name=\"author\" content=\"Cecilia\" \/>\n<meta name=\"twitter:card\" content=\"summary_large_image\" \/>\n<meta name=\"twitter:label1\" content=\"Escrito por\" \/>\n\t<meta name=\"twitter:data1\" content=\"Cecilia\" \/>\n\t<meta name=\"twitter:label2\" content=\"Tiempo de lectura\" \/>\n\t<meta name=\"twitter:data2\" content=\"6 minutos\" \/>\n<script type=\"application\/ld+json\" class=\"yoast-schema-graph\">{\"@context\":\"https:\\\/\\\/schema.org\",\"@graph\":[{\"@type\":\"Article\",\"@id\":\"https:\\\/\\\/magazzinoperseo.it\\\/es\\\/eventos-y-ferias\\\/simac-tanning-tech-2026-descubre-perseo-light\\\/#article\",\"isPartOf\":{\"@id\":\"https:\\\/\\\/magazzinoperseo.it\\\/es\\\/eventos-y-ferias\\\/simac-tanning-tech-2026-descubre-perseo-light\\\/\"},\"author\":{\"name\":\"Cecilia\",\"@id\":\"https:\\\/\\\/magazzinoperseo.it\\\/en\\\/#\\\/schema\\\/person\\\/72758b7edf7e17d410717f7c76c41ef1\"},\"headline\":\"Simac Tanning Tech 2026: descubre Perseo Light\",\"datePublished\":\"2026-09-02T08:45:34+00:00\",\"dateModified\":\"2026-09-02T08:58:38+00:00\",\"mainEntityOfPage\":{\"@id\":\"https:\\\/\\\/magazzinoperseo.it\\\/es\\\/eventos-y-ferias\\\/simac-tanning-tech-2026-descubre-perseo-light\\\/\"},\"wordCount\":689,\"commentCount\":0,\"publisher\":{\"@id\":\"https:\\\/\\\/magazzinoperseo.it\\\/en\\\/#organization\"},\"image\":{\"@id\":\"https:\\\/\\\/magazzinoperseo.it\\\/es\\\/eventos-y-ferias\\\/simac-tanning-tech-2026-descubre-perseo-light\\\/#primaryimage\"},\"thumbnailUrl\":\"https:\\\/\\\/magazzinoperseo.it\\\/wp-content\\\/uploads\\\/2026\\\/09\\\/abc-meets-perseo-simac-tanning-tech-2026.png\",\"articleSection\":[\"Eventos y Ferias\"],\"inLanguage\":\"es\",\"potentialAction\":[{\"@type\":\"CommentAction\",\"name\":\"Comment\",\"target\":[\"https:\\\/\\\/magazzinoperseo.it\\\/es\\\/eventos-y-ferias\\\/simac-tanning-tech-2026-descubre-perseo-light\\\/#respond\"]}]},{\"@type\":\"WebPage\",\"@id\":\"https:\\\/\\\/magazzinoperseo.it\\\/es\\\/eventos-y-ferias\\\/simac-tanning-tech-2026-descubre-perseo-light\\\/\",\"url\":\"https:\\\/\\\/magazzinoperseo.it\\\/es\\\/eventos-y-ferias\\\/simac-tanning-tech-2026-descubre-perseo-light\\\/\",\"name\":\"Simac Tanning Tech 2026: descubre Perseo Light - Perseo\",\"isPartOf\":{\"@id\":\"https:\\\/\\\/magazzinoperseo.it\\\/en\\\/#website\"},\"primaryImageOfPage\":{\"@id\":\"https:\\\/\\\/magazzinoperseo.it\\\/es\\\/eventos-y-ferias\\\/simac-tanning-tech-2026-descubre-perseo-light\\\/#primaryimage\"},\"image\":{\"@id\":\"https:\\\/\\\/magazzinoperseo.it\\\/es\\\/eventos-y-ferias\\\/simac-tanning-tech-2026-descubre-perseo-light\\\/#primaryimage\"},\"thumbnailUrl\":\"https:\\\/\\\/magazzinoperseo.it\\\/wp-content\\\/uploads\\\/2026\\\/09\\\/abc-meets-perseo-simac-tanning-tech-2026.png\",\"datePublished\":\"2026-09-02T08:45:34+00:00\",\"dateModified\":\"2026-09-02T08:58:38+00:00\",\"description\":\"Te esperamos en la feria Simac Tanning Tech, del 15 al 17 de septiembre de 2026 en Mil\u00e1n. Ven a descubrir Perseo Light, el almac\u00e9n autom\u00e1tico compacto.\",\"breadcrumb\":{\"@id\":\"https:\\\/\\\/magazzinoperseo.it\\\/es\\\/eventos-y-ferias\\\/simac-tanning-tech-2026-descubre-perseo-light\\\/#breadcrumb\"},\"inLanguage\":\"es\",\"potentialAction\":[{\"@type\":\"ReadAction\",\"target\":[\"https:\\\/\\\/magazzinoperseo.it\\\/es\\\/eventos-y-ferias\\\/simac-tanning-tech-2026-descubre-perseo-light\\\/\"]}]},{\"@type\":\"ImageObject\",\"inLanguage\":\"es\",\"@id\":\"https:\\\/\\\/magazzinoperseo.it\\\/es\\\/eventos-y-ferias\\\/simac-tanning-tech-2026-descubre-perseo-light\\\/#primaryimage\",\"url\":\"https:\\\/\\\/magazzinoperseo.it\\\/wp-content\\\/uploads\\\/2026\\\/09\\\/abc-meets-perseo-simac-tanning-tech-2026.png\",\"contentUrl\":\"https:\\\/\\\/magazzinoperseo.it\\\/wp-content\\\/uploads\\\/2026\\\/09\\\/abc-meets-perseo-simac-tanning-tech-2026.png\",\"width\":1080,\"height\":1080,\"caption\":\"abc-meets-perseo-simac-tanning-tech-2026\"},{\"@type\":\"BreadcrumbList\",\"@id\":\"https:\\\/\\\/magazzinoperseo.it\\\/es\\\/eventos-y-ferias\\\/simac-tanning-tech-2026-descubre-perseo-light\\\/#breadcrumb\",\"itemListElement\":[{\"@type\":\"ListItem\",\"position\":1,\"name\":\"Home\",\"item\":\"https:\\\/\\\/magazzinoperseo.it\\\/\"},{\"@type\":\"ListItem\",\"position\":2,\"name\":\"Simac Tanning Tech 2026: descubre Perseo Light\"}]},{\"@type\":\"WebSite\",\"@id\":\"https:\\\/\\\/magazzinoperseo.it\\\/en\\\/#website\",\"url\":\"https:\\\/\\\/magazzinoperseo.it\\\/en\\\/\",\"name\":\"Perseo\",\"description\":\"\",\"publisher\":{\"@id\":\"https:\\\/\\\/magazzinoperseo.it\\\/en\\\/#organization\"},\"potentialAction\":[{\"@type\":\"SearchAction\",\"target\":{\"@type\":\"EntryPoint\",\"urlTemplate\":\"https:\\\/\\\/magazzinoperseo.it\\\/en\\\/?s={search_term_string}\"},\"query-input\":{\"@type\":\"PropertyValueSpecification\",\"valueRequired\":true,\"valueName\":\"search_term_string\"}}],\"inLanguage\":\"es\"},{\"@type\":\"Organization\",\"@id\":\"https:\\\/\\\/magazzinoperseo.it\\\/en\\\/#organization\",\"name\":\"CBC srl\",\"url\":\"https:\\\/\\\/magazzinoperseo.it\\\/en\\\/\",\"logo\":{\"@type\":\"ImageObject\",\"inLanguage\":\"es\",\"@id\":\"https:\\\/\\\/magazzinoperseo.it\\\/en\\\/#\\\/schema\\\/logo\\\/image\\\/\",\"url\":\"https:\\\/\\\/magazzinoperseo.it\\\/wp-content\\\/uploads\\\/2021\\\/01\\\/logo-magazzino-perseo.png\",\"contentUrl\":\"https:\\\/\\\/magazzinoperseo.it\\\/wp-content\\\/uploads\\\/2021\\\/01\\\/logo-magazzino-perseo.png\",\"width\":352,\"height\":231,\"caption\":\"CBC srl\"},\"image\":{\"@id\":\"https:\\\/\\\/magazzinoperseo.it\\\/en\\\/#\\\/schema\\\/logo\\\/image\\\/\"}},{\"@type\":\"Person\",\"@id\":\"https:\\\/\\\/magazzinoperseo.it\\\/en\\\/#\\\/schema\\\/person\\\/72758b7edf7e17d410717f7c76c41ef1\",\"name\":\"Cecilia\",\"image\":{\"@type\":\"ImageObject\",\"inLanguage\":\"es\",\"@id\":\"https:\\\/\\\/secure.gravatar.com\\\/avatar\\\/a59e665831e28f87b0e0b2993ccc300369a11814b880d658ae5ff4ed0d8687d0?s=96&d=mm&r=g\",\"url\":\"https:\\\/\\\/secure.gravatar.com\\\/avatar\\\/a59e665831e28f87b0e0b2993ccc300369a11814b880d658ae5ff4ed0d8687d0?s=96&d=mm&r=g\",\"contentUrl\":\"https:\\\/\\\/secure.gravatar.com\\\/avatar\\\/a59e665831e28f87b0e0b2993ccc300369a11814b880d658ae5ff4ed0d8687d0?s=96&d=mm&r=g\",\"caption\":\"Cecilia\"},\"url\":\"https:\\\/\\\/magazzinoperseo.it\\\/es\\\/author\\\/cecilia\\\/\"}]}<\/script>\n<!-- \/ Yoast SEO plugin. -->","yoast_head_json":{"title":"Simac Tanning Tech 2026: descubre Perseo Light - Perseo","description":"Te esperamos en la feria Simac Tanning Tech, del 15 al 17 de septiembre de 2026 en Mil\u00e1n. Ven a descubrir Perseo Light, el almac\u00e9n autom\u00e1tico compacto.","robots":{"index":"index","follow":"follow","max-snippet":"max-snippet:-1","max-image-preview":"max-image-preview:large","max-video-preview":"max-video-preview:-1"},"canonical":"https:\/\/magazzinoperseo.it\/es\/eventos-y-ferias\/simac-tanning-tech-2026-descubre-perseo-light\/","og_locale":"es_ES","og_type":"article","og_title":"Simac Tanning Tech 2026: descubre Perseo Light - Perseo","og_description":"Te esperamos en la feria Simac Tanning Tech, del 15 al 17 de septiembre de 2026 en Mil\u00e1n. Ven a descubrir Perseo Light, el almac\u00e9n autom\u00e1tico compacto.","og_url":"https:\/\/magazzinoperseo.it\/es\/eventos-y-ferias\/simac-tanning-tech-2026-descubre-perseo-light\/","og_site_name":"Perseo","article_published_time":"2026-09-02T08:45:34+00:00","article_modified_time":"2026-09-02T08:58:38+00:00","og_image":[{"width":1080,"height":1080,"url":"https:\/\/magazzinoperseo.it\/wp-content\/uploads\/2026\/09\/abc-meets-perseo-simac-tanning-tech-2026.png","type":"image\/png"}],"author":"Cecilia","twitter_card":"summary_large_image","twitter_misc":{"Escrito por":"Cecilia","Tiempo de lectura":"6 minutos"},"schema":{"@context":"https:\/\/schema.org","@graph":[{"@type":"Article","@id":"https:\/\/magazzinoperseo.it\/es\/eventos-y-ferias\/simac-tanning-tech-2026-descubre-perseo-light\/#article","isPartOf":{"@id":"https:\/\/magazzinoperseo.it\/es\/eventos-y-ferias\/simac-tanning-tech-2026-descubre-perseo-light\/"},"author":{"name":"Cecilia","@id":"https:\/\/magazzinoperseo.it\/en\/#\/schema\/person\/72758b7edf7e17d410717f7c76c41ef1"},"headline":"Simac Tanning Tech 2026: descubre Perseo Light","datePublished":"2026-09-02T08:45:34+00:00","dateModified":"2026-09-02T08:58:38+00:00","mainEntityOfPage":{"@id":"https:\/\/magazzinoperseo.it\/es\/eventos-y-ferias\/simac-tanning-tech-2026-descubre-perseo-light\/"},"wordCount":689,"commentCount":0,"publisher":{"@id":"https:\/\/magazzinoperseo.it\/en\/#organization"},"image":{"@id":"https:\/\/magazzinoperseo.it\/es\/eventos-y-ferias\/simac-tanning-tech-2026-descubre-perseo-light\/#primaryimage"},"thumbnailUrl":"https:\/\/magazzinoperseo.it\/wp-content\/uploads\/2026\/09\/abc-meets-perseo-simac-tanning-tech-2026.png","articleSection":["Eventos y Ferias"],"inLanguage":"es","potentialAction":[{"@type":"CommentAction","name":"Comment","target":["https:\/\/magazzinoperseo.it\/es\/eventos-y-ferias\/simac-tanning-tech-2026-descubre-perseo-light\/#respond"]}]},{"@type":"WebPage","@id":"https:\/\/magazzinoperseo.it\/es\/eventos-y-ferias\/simac-tanning-tech-2026-descubre-perseo-light\/","url":"https:\/\/magazzinoperseo.it\/es\/eventos-y-ferias\/simac-tanning-tech-2026-descubre-perseo-light\/","name":"Simac Tanning Tech 2026: descubre Perseo Light - Perseo","isPartOf":{"@id":"https:\/\/magazzinoperseo.it\/en\/#website"},"primaryImageOfPage":{"@id":"https:\/\/magazzinoperseo.it\/es\/eventos-y-ferias\/simac-tanning-tech-2026-descubre-perseo-light\/#primaryimage"},"image":{"@id":"https:\/\/magazzinoperseo.it\/es\/eventos-y-ferias\/simac-tanning-tech-2026-descubre-perseo-light\/#primaryimage"},"thumbnailUrl":"https:\/\/magazzinoperseo.it\/wp-content\/uploads\/2026\/09\/abc-meets-perseo-simac-tanning-tech-2026.png","datePublished":"2026-09-02T08:45:34+00:00","dateModified":"2026-09-02T08:58:38+00:00","description":"Te esperamos en la feria Simac Tanning Tech, del 15 al 17 de septiembre de 2026 en Mil\u00e1n. Ven a descubrir Perseo Light, el almac\u00e9n autom\u00e1tico compacto.","breadcrumb":{"@id":"https:\/\/magazzinoperseo.it\/es\/eventos-y-ferias\/simac-tanning-tech-2026-descubre-perseo-light\/#breadcrumb"},"inLanguage":"es","potentialAction":[{"@type":"ReadAction","target":["https:\/\/magazzinoperseo.it\/es\/eventos-y-ferias\/simac-tanning-tech-2026-descubre-perseo-light\/"]}]},{"@type":"ImageObject","inLanguage":"es","@id":"https:\/\/magazzinoperseo.it\/es\/eventos-y-ferias\/simac-tanning-tech-2026-descubre-perseo-light\/#primaryimage","url":"https:\/\/magazzinoperseo.it\/wp-content\/uploads\/2026\/09\/abc-meets-perseo-simac-tanning-tech-2026.png","contentUrl":"https:\/\/magazzinoperseo.it\/wp-content\/uploads\/2026\/09\/abc-meets-perseo-simac-tanning-tech-2026.png","width":1080,"height":1080,"caption":"abc-meets-perseo-simac-tanning-tech-2026"},{"@type":"BreadcrumbList","@id":"https:\/\/magazzinoperseo.it\/es\/eventos-y-ferias\/simac-tanning-tech-2026-descubre-perseo-light\/#breadcrumb","itemListElement":[{"@type":"ListItem","position":1,"name":"Home","item":"https:\/\/magazzinoperseo.it\/"},{"@type":"ListItem","position":2,"name":"Simac Tanning Tech 2026: descubre Perseo Light"}]},{"@type":"WebSite","@id":"https:\/\/magazzinoperseo.it\/en\/#website","url":"https:\/\/magazzinoperseo.it\/en\/","name":"Perseo","description":"","publisher":{"@id":"https:\/\/magazzinoperseo.it\/en\/#organization"},"potentialAction":[{"@type":"SearchAction","target":{"@type":"EntryPoint","urlTemplate":"https:\/\/magazzinoperseo.it\/en\/?s={search_term_string}"},"query-input":{"@type":"PropertyValueSpecification","valueRequired":true,"valueName":"search_term_string"}}],"inLanguage":"es"},{"@type":"Organization","@id":"https:\/\/magazzinoperseo.it\/en\/#organization","name":"CBC srl","url":"https:\/\/magazzinoperseo.it\/en\/","logo":{"@type":"ImageObject","inLanguage":"es","@id":"https:\/\/magazzinoperseo.it\/en\/#\/schema\/logo\/image\/","url":"https:\/\/magazzinoperseo.it\/wp-content\/uploads\/2021\/01\/logo-magazzino-perseo.png","contentUrl":"https:\/\/magazzinoperseo.it\/wp-content\/uploads\/2021\/01\/logo-magazzino-perseo.png","width":352,"height":231,"caption":"CBC srl"},"image":{"@id":"https:\/\/magazzinoperseo.it\/en\/#\/schema\/logo\/image\/"}},{"@type":"Person","@id":"https:\/\/magazzinoperseo.it\/en\/#\/schema\/person\/72758b7edf7e17d410717f7c76c41ef1","name":"Cecilia","image":{"@type":"ImageObject","inLanguage":"es","@id":"https:\/\/secure.gravatar.com\/avatar\/a59e665831e28f87b0e0b2993ccc300369a11814b880d658ae5ff4ed0d8687d0?s=96&d=mm&r=g","url":"https:\/\/secure.gravatar.com\/avatar\/a59e665831e28f87b0e0b2993ccc300369a11814b880d658ae5ff4ed0d8687d0?s=96&d=mm&r=g","contentUrl":"https:\/\/secure.gravatar.com\/avatar\/a59e665831e28f87b0e0b2993ccc300369a11814b880d658ae5ff4ed0d8687d0?s=96&d=mm&r=g","caption":"Cecilia"},"url":"https:\/\/magazzinoperseo.it\/es\/author\/cecilia\/"}]}},"_links":{"self":[{"href":"https:\/\/magazzinoperseo.it\/es\/wp-json\/wp\/v2\/posts\/8553","targetHints":{"allow":["GET"]}}],"collection":[{"href":"https:\/\/magazzinoperseo.it\/es\/wp-json\/wp\/v2\/posts"}],"about":[{"href":"https:\/\/magazzinoperseo.it\/es\/wp-json\/wp\/v2\/types\/post"}],"author":[{"embeddable":true,"href":"https:\/\/magazzinoperseo.it\/es\/wp-json\/wp\/v2\/users\/2"}],"replies":[{"embeddable":true,"href":"https:\/\/magazzinoperseo.it\/es\/wp-json\/wp\/v2\/comments?post=8553"}],"version-history":[{"count":5,"href":"https:\/\/magazzinoperseo.it\/es\/wp-json\/wp\/v2\/posts\/8553\/revisions"}],"predecessor-version":[{"id":8586,"href":"https:\/\/magazzinoperseo.it\/es\/wp-json\/wp\/v2\/posts\/8553\/revisions\/8586"}],"wp:featuredmedia":[{"embeddable":true,"href":"https:\/\/magazzinoperseo.it\/es\/wp-json\/wp\/v2\/media\/8482"}],"wp:attachment":[{"href":"https:\/\/magazzinoperseo.it\/es\/wp-json\/wp\/v2\/media?parent=8553"}],"wp:term":[{"taxonomy":"category","embeddable":true,"href":"https:\/\/magazzinoperseo.it\/es\/wp-json\/wp\/v2\/categories?post=8553"},{"taxonomy":"post_tag","embeddable":true,"href":"https:\/\/magazzinoperseo.it\/es\/wp-json\/wp\/v2\/tags?post=8553"}],"curies":[{"name":"wp","href":"https:\/\/api.w.org\/{rel}","templated":true}]}}